{"id":1865,"date":"2022-05-09T12:57:33","date_gmt":"2022-05-09T10:57:33","guid":{"rendered":"http:\/\/bashkiamirdite.gov.al\/?p=1865"},"modified":"2022-05-12T14:56:45","modified_gmt":"2022-05-12T12:56:45","slug":"dita-e-evropes","status":"publish","type":"post","link":"https:\/\/bashkiamirdite.gov.al\/?p=1865","title":{"rendered":"&#8220;Dita e Evrop\u00ebs&#8221;"},"content":{"rendered":"<div dir=\"auto\"><\/div>\n<div dir=\"auto\">-Dita e Evrop\u00ebs,<\/div>\n<div dir=\"auto\">9 maji, kjo dat\u00eb historike q\u00eb sh\u00ebnjoi nj\u00eb pik\u00eb kthese n\u00eb paqen, solidaritetin dhe unitetin e Evrop\u00ebs na gjeti s\u00eb bashku n\u00eb Bashkin\u00eb Mirdit\u00eb n\u00eb nj\u00eb tryez\u00eb t\u00eb rrumbullak\u00ebt me t\u00eb rinjt\u00eb e qytetit te Rr\u00ebshenit n\u00eb nj\u00eb debat konstruktiv . Me keta t\u00eb rinj q\u00eb aspirojn\u00eb dhe besojn\u00eb fort q\u00eb nes\u00ebr do t\u00eb jemi qytetar\u00ebt e nj\u00eb Evrope\u00a0 m\u00eb t\u00eb madhe m\u00eb t\u00eb sigurt dhe t\u00eb bashkuar. Debati konstruktiv u zhvillua mes dy grupeve &#8220;pro dhe kund\u00ebr &#8221; me t\u00eb rinjt\u00eb nga &#8221; Klubi i Debatit &#8221; i gjimnazit t\u00eb Rr\u00ebshenit . Fjala\u00a0 p\u00ebrsh\u00ebndet\u00ebse u mbajt nga n\u00ebnkryetarja e Bashkis\u00eb Mirdit\u00eb zn.Vitore Gjini e cila falenderoi pjes\u00ebmarr\u00ebsit n\u00eb k\u00ebt\u00eb aktivitet dhe theksoi q\u00eb vlerat evropiane mish\u00ebrohen m\u00eb s\u00eb miri me angazhimin e t\u00eb rinjve p\u00ebr nj\u00eb shoq\u00ebri demokratike.Dy ishin temat kryesore t\u00eb debatit :<\/p>\n<p>-Euroskepticizmi lidhur me an\u00ebtar\u00ebsimin e Shqip\u00ebris\u00eb n\u00eb BE n\u00eb k\u00ebndv\u00ebshtrimin politik, ekonomik dhe social.<\/p>\n<p>-P\u00ebrfshirja e t\u00eb rinjve n\u00eb procesin e vendimmarrjes vendore.<\/p>\n<p>T\u00eb rinj, energjik\u00eb, t\u00eb p\u00ebrgatitur dhe plot vizion paraqiten opinione dhe argumente bind\u00ebse mbi sfidat e an\u00ebtar\u00ebsimit t\u00eb Shqip\u00ebris\u00eb n\u00eb BE dhe treguan nj\u00eb interes\u00a0 t\u00eb lart\u00eb mbi pjes\u00ebmarrjen n\u00eb procesin e vendimmarrjes vendore .<\/p>\n<p>Me gjith\u00eb argumentet pro dhe kund\u00ebr ky debat na tregoi dhe nj\u00eb here r\u00ebnd\u00ebsin\u00eb jetike q\u00eb ka p\u00ebr Shqip\u00ebrin\u00eb dhe t\u00eb rinjt\u00eb e k\u00ebtij vendi an\u00ebtar\u00ebsimi n\u00eb familjen e madhe Evropiane.<\/p>\n<\/div>\n<div dir=\"auto\"><\/div>\n","protected":false},"excerpt":{"rendered":"<p>-Dita e Evrop\u00ebs, 9 maji, kjo dat\u00eb historike q\u00eb sh\u00ebnjoi nj\u00eb pik\u00eb kthese n\u00eb paqen, solidaritetin dhe unitetin e Evrop\u00ebs na gjeti s\u00eb bashku n\u00eb Bashkin\u00eb Mirdit\u00eb n\u00eb nj\u00eb tryez\u00eb t\u00eb rrumbullak\u00ebt me t\u00eb rinjt\u00eb e qytetit te Rr\u00ebshenit n\u00eb nj\u00eb debat konstruktiv . Me keta t\u00eb rinj q\u00eb aspirojn\u00eb dhe besojn\u00eb fort q\u00eb nes\u00ebr [&hellip;]<\/p>\n","protected":false},"author":2,"featured_media":1866,"comment_status":"open","ping_status":"open","sticky":false,"template":"","format":"standard","meta":[],"categories":[1],"tags":[],"_links":{"self":[{"href":"https:\/\/bashkiamirdite.gov.al\/index.php?rest_route=\/wp\/v2\/posts\/1865"}],"collection":[{"href":"https:\/\/bashkiamirdite.gov.al\/index.php?rest_route=\/wp\/v2\/posts"}],"about":[{"href":"https:\/\/bashkiamirdite.gov.al\/index.php?rest_route=\/wp\/v2\/types\/post"}],"author":[{"embeddable":true,"href":"https:\/\/bashkiamirdite.gov.al\/index.php?rest_route=\/wp\/v2\/users\/2"}],"replies":[{"embeddable":true,"href":"https:\/\/bashkiamirdite.gov.al\/index.php?rest_route=%2Fwp%2Fv2%2Fcomments&post=1865"}],"version-history":[{"count":2,"href":"https:\/\/bashkiamirdite.gov.al\/index.php?rest_route=\/wp\/v2\/posts\/1865\/revisions"}],"predecessor-version":[{"id":1989,"href":"https:\/\/bashkiamirdite.gov.al\/index.php?rest_route=\/wp\/v2\/posts\/1865\/revisions\/1989"}],"wp:featuredmedia":[{"embeddable":true,"href":"https:\/\/bashkiamirdite.gov.al\/index.php?rest_route=\/wp\/v2\/media\/1866"}],"wp:attachment":[{"href":"https:\/\/bashkiamirdite.gov.al\/index.php?rest_route=%2Fwp%2Fv2%2Fmedia&parent=1865"}],"wp:term":[{"taxonomy":"category","embeddable":true,"href":"https:\/\/bashkiamirdite.gov.al\/index.php?rest_route=%2Fwp%2Fv2%2Fcategories&post=1865"},{"taxonomy":"post_tag","embeddable":true,"href":"https:\/\/bashkiamirdite.gov.al\/index.php?rest_route=%2Fwp%2Fv2%2Ftags&post=1865"}],"curies":[{"name":"wp","href":"https:\/\/api.w.org\/{rel}","templated":true}]}}