{"id":2030,"date":"2022-05-12T15:13:09","date_gmt":"2022-05-12T13:13:09","guid":{"rendered":"http:\/\/bashkiamirdite.gov.al\/?p=2030"},"modified":"2022-05-13T11:15:34","modified_gmt":"2022-05-13T09:15:34","slug":"finalizohet-me-sukses-projekti-mbrojtja-dhe-parandalimi-i-zjarreve-ne-pyje","status":"publish","type":"post","link":"https:\/\/bashkiamirdite.gov.al\/?p=2030","title":{"rendered":"Finalizohet me sukses projekti \u201cMbrojtja dhe Parandalimi i Zjarreve n\u00eb Pyje\u201d"},"content":{"rendered":"<div class=\"\" data-block=\"true\" data-editor=\"3ape2\" data-offset-key=\"4cqip-0-0\">\n<div data-offset-key=\"4cqip-0-0\"><\/div>\n<div data-offset-key=\"4cqip-0-0\"><\/div>\n<div class=\"_1mf _1mj\" data-offset-key=\"4cqip-0-0\"><span data-offset-key=\"4cqip-0-0\">&#8211; Dit\u00ebn<\/span><span data-offset-key=\"4cqip-1-0\"> e sotme u zhvillua ceremonia p\u00ebrmbyll\u00ebse e projektit pilot \u201cMbrojtja dhe Parandalimi i Zjarreve n\u00eb Pyje\u201d i cili u mund\u00ebsua nga financimi i Marianne Graf-AAP n\u00eb bashk\u00ebpunim m\u00eb Bashkin\u00eb Mirdit\u00eb.<\/span><\/div>\n<\/div>\n<div class=\"\" data-block=\"true\" data-editor=\"3ape2\" data-offset-key=\"cquuj-0-0\">\n<div class=\"_1mf _1mj\" data-offset-key=\"cquuj-0-0\"><span data-offset-key=\"cquuj-0-0\">\u00a0<\/span><\/div>\n<\/div>\n<div class=\"\" data-block=\"true\" data-editor=\"3ape2\" data-offset-key=\"dcnoo-0-0\">\n<div class=\"_1mf _1mj\" data-offset-key=\"dcnoo-0-0\"><span data-offset-key=\"dcnoo-0-0\">Ky projekt konsistoi n\u00eb rritjen e kapaciteteve lokale p\u00ebr shuarjen e zjarreve n\u00eb pyje duke i shtuar sherbimeve ndaj pyjeve nj\u00eb zjarr\u00ebfik\u00ebse dhe materialet p\u00ebr krijimin e pes\u00eb pikave p\u00ebr shuarjen e zjarreve t\u00eb vendosura n\u00eb nj\u00ebsit\u00eb administrative q\u00eb kan\u00eb m\u00eb shum\u00eb pyje.<\/span><\/div>\n<\/div>\n<div class=\"\" data-block=\"true\" data-editor=\"3ape2\" data-offset-key=\"cs2eb-0-0\">\n<div class=\"_1mf _1mj\" data-offset-key=\"cs2eb-0-0\"><span data-offset-key=\"cs2eb-0-0\">\u00a0<\/span><\/div>\n<\/div>\n<div class=\"\" data-block=\"true\" data-editor=\"3ape2\" data-offset-key=\"291hu-0-0\">\n<div class=\"_1mf _1mj\" data-offset-key=\"291hu-0-0\"><span data-offset-key=\"291hu-0-0\">Kryetari i Bashkis\u00eb Z. Ndrec Dedaj falend\u00ebroi Znj. M Graf p\u00ebr ndihm\u00ebn e saj bujare t\u00eb dh\u00ebn\u00eb nd\u00ebr vite e ve\u00e7an\u00ebrisht n\u00eb vitet e fundit. Ai tha se ky projekt ndikon n\u00eb rritjen kapaciteteve lokale p\u00ebr t\u2019u p\u00ebrballur me fenomin e rreziksh\u00ebm t\u00eb zjarreve n\u00eb pyje. Gjithashtu Z. Dedaj falenderoi Qeverin\u00eb Austriake dhe popullin austriak p\u00ebr mb\u00ebshtetjen e vazhdueshme ndaj Bashkis\u00eb Mirdit\u00eb.<\/span><\/div>\n<\/div>\n<div class=\"\" data-block=\"true\" data-editor=\"3ape2\" data-offset-key=\"abhec-0-0\">\n<div class=\"_1mf _1mj\" data-offset-key=\"abhec-0-0\"><span data-offset-key=\"abhec-0-0\">\u00a0<\/span><\/div>\n<\/div>\n<div class=\"\" data-block=\"true\" data-editor=\"3ape2\" data-offset-key=\"3bh9t-0-0\">\n<div class=\"_1mf _1mj\" data-offset-key=\"3bh9t-0-0\"><span data-offset-key=\"3bh9t-0-0\">Znj Marinne Graf theksoi se \u00ebsht\u00eb detyr\u00eb e t\u00eb gjith\u00ebve q\u00eb t\u00eb mbrojm\u00eb pyjet dhe krijimin dhe jo vet\u00ebm e zjarr\u00ebfik\u00ebsve. Pajisja me mjetet e nevojshme p\u00ebr shuarjen e zjarreve n\u00eb pyje dhe sensibilizimi i t\u00eb rinjv\u00eb \u00ebsht\u00eb nj\u00eb nevoj\u00eb urgjente, theksoi ajo.<\/span><\/div>\n<\/div>\n<div class=\"\" data-block=\"true\" data-editor=\"3ape2\" data-offset-key=\"6vgt3-0-0\">\n<div class=\"_1mf _1mj\" data-offset-key=\"6vgt3-0-0\"><span data-offset-key=\"6vgt3-0-0\">\u00a0<\/span><\/div>\n<\/div>\n<div class=\"\" data-block=\"true\" data-editor=\"3ape2\" data-offset-key=\"eevjh-0-0\">\n<div class=\"_1mf _1mj\" data-offset-key=\"eevjh-0-0\"><span data-offset-key=\"eevjh-0-0\">Ambasadori i Austris\u00eb n\u00eb Shqip\u00ebri Sh.K.T. Christian Steiner i pranish\u00ebm n\u00eb k\u00ebt\u00eb event n\u00eb nderim t\u00eb Znj. Graf theksoi se vullnetarizmi do t\u00eb ishte nj\u00eb kontribut i \u00e7muar n\u00eb parandalimin dhe shuarjen e zjarreve.<\/span><\/div>\n<\/div>\n<div class=\"\" data-block=\"true\" data-editor=\"3ape2\" data-offset-key=\"dle3o-0-0\">\n<div class=\"_1mf _1mj\" data-offset-key=\"dle3o-0-0\"><span data-offset-key=\"dle3o-0-0\">\u00a0<\/span><\/div>\n<\/div>\n<div class=\"\" data-block=\"true\" data-editor=\"3ape2\" data-offset-key=\"135m-0-0\">\n<div class=\"_1mf _1mj\" data-offset-key=\"135m-0-0\"><span data-offset-key=\"135m-0-0\">Ipeshkvi i Rr\u00ebshenit Imzot Gjergj Meta konsideroi komunitetin si hallk\u00ebn kryesore n\u00eb mbrotjen e mjedisit dhe pyjeve.<\/span><\/div>\n<\/div>\n<div class=\"\" data-block=\"true\" data-editor=\"3ape2\" data-offset-key=\"5jc6b-0-0\">\n<div class=\"_1mf _1mj\" data-offset-key=\"5jc6b-0-0\"><span data-offset-key=\"5jc6b-0-0\">\u00a0<\/span><\/div>\n<\/div>\n<div class=\"\" data-block=\"true\" data-editor=\"3ape2\" data-offset-key=\"7371s-0-0\">\n<div class=\"_1mf _1mj\" data-offset-key=\"7371s-0-0\"><span data-offset-key=\"7371s-0-0\">Ekperti i pyjeve Abdulla Diku vuri n\u00eb dukje lidhjen e pandashme nd\u00ebrmjet njeriut dhe pyjeve.<\/span><\/div>\n<\/div>\n<div class=\"\" data-block=\"true\" data-editor=\"3ape2\" data-offset-key=\"7mv3m-0-0\">\n<div class=\"_1mf _1mj\" data-offset-key=\"7mv3m-0-0\"><span data-offset-key=\"7mv3m-0-0\">\u00a0<\/span><\/div>\n<\/div>\n<div class=\"\" data-block=\"true\" data-editor=\"3ape2\" data-offset-key=\"a04ev-0-0\">\n<div class=\"_1mf _1mj\" data-offset-key=\"a04ev-0-0\"><span data-offset-key=\"a04ev-0-0\">Ky event p\u00ebrfshiu edhe t\u00eb rinjt\u00eb e shkollave t\u00eb cil\u00ebt ishin t\u00eb pranish\u00ebm m\u00eb punimet e tyre kushtuar pyjeve dhe mjedisit.<\/span><\/div>\n<\/div>\n<div class=\"\" data-block=\"true\" data-editor=\"3ape2\" data-offset-key=\"3eqj1-0-0\">\n<div class=\"_1mf _1mj\" data-offset-key=\"3eqj1-0-0\"><span data-offset-key=\"3eqj1-0-0\">\u00a0<\/span><\/div>\n<\/div>\n<div class=\"\" data-block=\"true\" data-editor=\"3ape2\" data-offset-key=\"1fngs-0-0\">\n<div class=\"_1mf _1mj\" data-offset-key=\"1fngs-0-0\"><span data-offset-key=\"1fngs-0-0\">P\u00ebrfaqesuaes nga Universiteti Bujq\u00ebsor i Tiran\u00ebs, Sherbimit Zjarr\u00ebfik\u00ebs, Zonave t\u00eb mbrojtura dhe shoq\u00ebris\u00eb civile u b\u00ebn\u00eb pjes\u00eb e k\u00ebtij eventi.<\/span><\/div>\n<\/div>\n<p>&nbsp;<\/p>\n<p>&nbsp;<\/p>\n\n","protected":false},"excerpt":{"rendered":"<p>&#8211; Dit\u00ebn e sotme u zhvillua ceremonia p\u00ebrmbyll\u00ebse e projektit pilot \u201cMbrojtja dhe Parandalimi i Zjarreve n\u00eb Pyje\u201d i cili u mund\u00ebsua nga financimi i Marianne Graf-AAP n\u00eb bashk\u00ebpunim m\u00eb Bashkin\u00eb Mirdit\u00eb. \u00a0 Ky projekt konsistoi n\u00eb rritjen e kapaciteteve lokale p\u00ebr shuarjen e zjarreve n\u00eb pyje duke i shtuar sherbimeve ndaj pyjeve nj\u00eb zjarr\u00ebfik\u00ebse [&hellip;]<\/p>\n","protected":false},"author":2,"featured_media":2005,"comment_status":"open","ping_status":"open","sticky":false,"template":"","format":"standard","meta":[],"categories":[1],"tags":[],"_links":{"self":[{"href":"https:\/\/bashkiamirdite.gov.al\/index.php?rest_route=\/wp\/v2\/posts\/2030"}],"collection":[{"href":"https:\/\/bashkiamirdite.gov.al\/index.php?rest_route=\/wp\/v2\/posts"}],"about":[{"href":"https:\/\/bashkiamirdite.gov.al\/index.php?rest_route=\/wp\/v2\/types\/post"}],"author":[{"embeddable":true,"href":"https:\/\/bashkiamirdite.gov.al\/index.php?rest_route=\/wp\/v2\/users\/2"}],"replies":[{"embeddable":true,"href":"https:\/\/bashkiamirdite.gov.al\/index.php?rest_route=%2Fwp%2Fv2%2Fcomments&post=2030"}],"version-history":[{"count":3,"href":"https:\/\/bashkiamirdite.gov.al\/index.php?rest_route=\/wp\/v2\/posts\/2030\/revisions"}],"predecessor-version":[{"id":2033,"href":"https:\/\/bashkiamirdite.gov.al\/index.php?rest_route=\/wp\/v2\/posts\/2030\/revisions\/2033"}],"wp:featuredmedia":[{"embeddable":true,"href":"https:\/\/bashkiamirdite.gov.al\/index.php?rest_route=\/wp\/v2\/media\/2005"}],"wp:attachment":[{"href":"https:\/\/bashkiamirdite.gov.al\/index.php?rest_route=%2Fwp%2Fv2%2Fmedia&parent=2030"}],"wp:term":[{"taxonomy":"category","embeddable":true,"href":"https:\/\/bashkiamirdite.gov.al\/index.php?rest_route=%2Fwp%2Fv2%2Fcategories&post=2030"},{"taxonomy":"post_tag","embeddable":true,"href":"https:\/\/bashkiamirdite.gov.al\/index.php?rest_route=%2Fwp%2Fv2%2Ftags&post=2030"}],"curies":[{"name":"wp","href":"https:\/\/api.w.org\/{rel}","templated":true}]}}