{"id":2534,"date":"2023-02-16T09:10:04","date_gmt":"2023-02-16T08:10:04","guid":{"rendered":"http:\/\/bashkiamirdite.gov.al\/?p=2534"},"modified":"2023-02-16T09:10:07","modified_gmt":"2023-02-16T08:10:07","slug":"solidarizim-dhe-lutje-per-viktimat-e-termetit-shkaterrimtar-ne-turqi-dhe-siri","status":"publish","type":"post","link":"https:\/\/bashkiamirdite.gov.al\/?p=2534","title":{"rendered":"Solidarizim dhe lutje p\u00ebr viktimat e t\u00ebrmetit shkat\u00ebrrimtar n\u00eb Turqi dhe Siri\u00a0"},"content":{"rendered":"\n<figure class=\"wp-block-gallery has-nested-images columns-default is-cropped\">\n<figure class=\"wp-block-image size-large is-style-default\"><img loading=\"lazy\" width=\"1600\" height=\"1066\" data-id=\"2509\"  src=\"https:\/\/bashkiamirdite.gov.al\/wp-content\/uploads\/2023\/02\/329733006_915640963121540_6046826326329594116_n.jpg\" alt=\"\" class=\"wp-image-2509\"\/><\/figure>\n\n\n\n<figure class=\"wp-block-image size-large is-style-default\"><img loading=\"lazy\" width=\"960\" height=\"757\" data-id=\"2511\"  src=\"https:\/\/bashkiamirdite.gov.al\/wp-content\/uploads\/2023\/02\/330975389_3305912462954175_5134543404124362147_n.jpg\" alt=\"\" class=\"wp-image-2511\"\/><\/figure>\n\n\n\n<figure class=\"wp-block-image size-large is-style-default\"><img loading=\"lazy\" width=\"1024\" height=\"682\" data-id=\"2510\"  src=\"https:\/\/bashkiamirdite.gov.al\/wp-content\/uploads\/2023\/02\/330917650_869048914151864_7095531173387639228_n.jpg\" alt=\"\" class=\"wp-image-2510\"\/><\/figure>\n<\/figure>\n\n\n\n<p>N\u00eb dit\u00ebn e Zis\u00eb Komb\u00ebtare 13 shkurt t\u00eb shpallur nga qeveria shqiptare, Bashkia Mirdit\u00eb iu bashkua lutjes&nbsp;mbar\u00ebkomb\u00ebtare p\u00ebr viktimat e tragjedis\u00eb s\u00eb madhe t\u00eb shkaktuar nga t\u00ebrmeti n\u00eb kufirin turko-sirian. P\u00ebrmes kremtimit t\u00eb nj\u00eb meshe t\u00eb shenjt\u00eb n\u00eb Katedrale t\u00eb udh\u00ebhequr nga Ipeshkvi i Dioqez\u00ebs Mons. Gjergj Meta, dhe m\u00eb pas s\u00eb bashku me qytetar\u00ebt e shumt\u00eb p\u00ebr t\u00eb ndezur qirinj,&nbsp;n\u00eb sheshin \u201cAbat Doci\u201d n\u00eb shenj\u00eb lutjeje p\u00ebr viktimat e shumta nga t\u00ebrmeti apokaliptik n\u00eb Turqi dhe n\u00eb Siri.&nbsp;<\/p>\n\n\n\n<p>Edhe n\u00eb qytetin ton\u00eb mbizot\u00ebroi solidariteti&nbsp;kolektiv p\u00ebr t\u00eb leht\u00ebsuar sadopak dhimbje t\u00eb tejskajshme njer\u00ebzore. Mirdita, p\u00ebrmes gjesteve t\u00eb tilla dom\u00ebth\u00ebn\u00ebse, vazhdon t\u00eb ruaj\u00eb tradit\u00ebn e ndarjes s\u00eb dhimbjes me t\u00eb tjer\u00ebt n\u00eb raste fatkeq\u00ebsie, nj\u00eb nga virtytet m\u00eb hyjnore q\u00eb e kemi t\u00eb trash\u00ebguar nga t\u00eb par\u00ebt tan\u00eb.<\/p>\n","protected":false},"excerpt":{"rendered":"<p>N\u00eb dit\u00ebn e Zis\u00eb Komb\u00ebtare 13 shkurt t\u00eb shpallur nga qeveria shqiptare, Bashkia Mirdit\u00eb iu bashkua lutjes&nbsp;mbar\u00ebkomb\u00ebtare p\u00ebr viktimat e tragjedis\u00eb s\u00eb madhe t\u00eb shkaktuar nga t\u00ebrmeti n\u00eb kufirin turko-sirian. P\u00ebrmes kremtimit t\u00eb nj\u00eb meshe t\u00eb shenjt\u00eb n\u00eb Katedrale t\u00eb udh\u00ebhequr nga Ipeshkvi i Dioqez\u00ebs Mons. Gjergj Meta, dhe m\u00eb pas s\u00eb bashku me qytetar\u00ebt [&hellip;]<\/p>\n","protected":false},"author":2,"featured_media":2514,"comment_status":"open","ping_status":"open","sticky":false,"template":"","format":"standard","meta":[],"categories":[1],"tags":[],"_links":{"self":[{"href":"https:\/\/bashkiamirdite.gov.al\/index.php?rest_route=\/wp\/v2\/posts\/2534"}],"collection":[{"href":"https:\/\/bashkiamirdite.gov.al\/index.php?rest_route=\/wp\/v2\/posts"}],"about":[{"href":"https:\/\/bashkiamirdite.gov.al\/index.php?rest_route=\/wp\/v2\/types\/post"}],"author":[{"embeddable":true,"href":"https:\/\/bashkiamirdite.gov.al\/index.php?rest_route=\/wp\/v2\/users\/2"}],"replies":[{"embeddable":true,"href":"https:\/\/bashkiamirdite.gov.al\/index.php?rest_route=%2Fwp%2Fv2%2Fcomments&post=2534"}],"version-history":[{"count":3,"href":"https:\/\/bashkiamirdite.gov.al\/index.php?rest_route=\/wp\/v2\/posts\/2534\/revisions"}],"predecessor-version":[{"id":2774,"href":"https:\/\/bashkiamirdite.gov.al\/index.php?rest_route=\/wp\/v2\/posts\/2534\/revisions\/2774"}],"wp:featuredmedia":[{"embeddable":true,"href":"https:\/\/bashkiamirdite.gov.al\/index.php?rest_route=\/wp\/v2\/media\/2514"}],"wp:attachment":[{"href":"https:\/\/bashkiamirdite.gov.al\/index.php?rest_route=%2Fwp%2Fv2%2Fmedia&parent=2534"}],"wp:term":[{"taxonomy":"category","embeddable":true,"href":"https:\/\/bashkiamirdite.gov.al\/index.php?rest_route=%2Fwp%2Fv2%2Fcategories&post=2534"},{"taxonomy":"post_tag","embeddable":true,"href":"https:\/\/bashkiamirdite.gov.al\/index.php?rest_route=%2Fwp%2Fv2%2Ftags&post=2534"}],"curies":[{"name":"wp","href":"https:\/\/api.w.org\/{rel}","templated":true}]}}