{"id":2961,"date":"2023-07-19T16:15:42","date_gmt":"2023-07-19T14:15:42","guid":{"rendered":"http:\/\/bashkiamirdite.gov.al\/?p=2961"},"modified":"2023-07-21T09:33:05","modified_gmt":"2023-07-21T07:33:05","slug":"mbledhja-e-komisionit-vendor-per-planifikimin-e-perballimin-e-mbrojtjes-civile-per-parandalimin-e-shuarjen-e-zjarreve-per-vitin-2023","status":"publish","type":"post","link":"https:\/\/bashkiamirdite.gov.al\/?p=2961","title":{"rendered":"Mbledhja e Komisionit Vendor p\u00ebr Planifikimin e P\u00ebrballimin e Mbrojtjes Civile p\u00ebr Parandalimin e Shuarjen e Zjarreve p\u00ebr vitin 2023"},"content":{"rendered":"<span id=\"\" style=\"display: inline-block; width: 0px; overflow: hidden; line-height: 0;\" data-mce-type=\"bookmark\" class=\"mce_SELRES_start\">\ufeff<\/span>\r\n<figure class=\"wp-block-gallery has-nested-images columns-default is-cropped\">\r\n<figure class=\"wp-block-image size-large is-style-default\"><img data-id=\"2509\"  src=\"https:\/\/bashkiamirdite.gov.al\/wp-content\/uploads\/2023\/07\/WhatsApp-Image-2023-07-19-at-16.04.40-2.jpeg\" \/><\/figure>\r\n\r\n\r\n\r\n<figure class=\"wp-block-image size-large is-style-default\"><img data-id=\"2511\"  src=\"https:\/\/bashkiamirdite.gov.al\/wp-content\/uploads\/2023\/07\/WhatsApp-Image-2023-07-19-at-16.04.40.jpeg\" \/><\/figure>\r\n\r\n\r\n\r\n<figure class=\"wp-block-image size-large is-style-default\"><img data-id=\"2510\"  src=\"https:\/\/bashkiamirdite.gov.al\/wp-content\/uploads\/2023\/07\/WhatsApp-Image-2023-07-19-at-16.04.39.jpeg\" \/><\/figure>\r\n\r\n\r\n\r\n<figure class=\"wp-block-image size-large is-style-default\"><img data-id=\"2510\"  src=\"https:\/\/bashkiamirdite.gov.al\/wp-content\/uploads\/2023\/07\/WhatsApp-Image-2023-07-19-at-16.04.40-3.jpeg\" \/><\/figure>\r\n\r\n\r\nDit\u00ebn e sotme, dat\u00eb 19.07.2023 u zhvillua mbledhja e Komisionit Vendor p\u00ebr Planifikimin dhe P\u00ebrballimin e Emergjencave Civile n\u00eb Bashkin\u00eb Mirdit\u00eb.\r\nT\u00eb pranish\u00ebm n\u00eb mbledhje ishin: Prefekti i Qarkut Lezh\u00eb  Z. Gjergj Prendi,  N\u00ebnprefekte\/ Mirdit\u00eb Znj. Marie Doda,  Shefi i Komisariatit Mirdit\u00eb Z. Paulin \u00c7upi si dhe t\u00eb gjith\u00eb an\u00ebtar\u00ebt e Komisionit Vendor t\u00eb Mbrojtjes Civile t\u00eb Bashkis\u00eb Mirdit\u00eb.\r\nMbledhja u hap nga kryetari i Bashkis\u00eb Mirdit\u00eb,  i cili p\u00ebrsh\u00ebndeti t\u00eb pranishmit si dhe  k\u00ebrkoj gatishm\u00ebri, koordinim dhe bashk\u00ebpunim p\u00ebr  t\u00eb p\u00ebrballuar me sukses \u00e7do emergjenc\u00eb civile q\u00eb mund t\u00eb shfaqet.\r\n\r\n<li><b>\u00c7\u00ebshtjet kryesore t\u00eb rendit t\u00eb dit\u00ebs ishin: <\/b><\/li>\r\n\r\n<li>1- Miratimi i planit t\u00eb veprimit t\u00eb forcave pjes\u00ebmarr\u00ebse p\u00ebr parandalimin dhe shuarjen e zjarreve n\u00eb territorin e bashkis\u00eb.<\/li>\r\n<li>2- Masat e marra nga Komisariati i Policis\u00eb p\u00ebr parandalimin e kultivimit t\u00eb lend\u00ebve narkotike.<\/li>\r\n<li>3- Masat e marra nga sh\u00ebrbimi i MZSH p\u00ebr parandalimin e shuarjen e zjarreve. <\/li>\r\n<li>4- Masat e marra dhe ngritja e nj\u00ebsive vullnetare p\u00ebr parandalimin e shuarjen e zjarreve nga sektori i sh\u00ebrbimit pyjor.<\/li>\r\n<li>5- Njohja me urdhrin e kryetarit t\u00eb bashkis\u00eb p\u00ebr caktimin e drejtuesit t\u00eb operacionit p\u00ebr shuarjen e zjarreve n\u00eb territorin e bashkis\u00eb.<\/li>\r\n<li>6- Njohja me skem\u00ebn e lajm\u00ebrimit n\u00eb rastet e r\u00ebnies s\u00eb zjarreve.<\/li>\r\n","protected":false},"excerpt":{"rendered":"\ufeff Dit\u00ebn e sotme, dat\u00eb 19.07.2023 u zhvillua mbledhja e Komisionit Vendor p\u00ebr Planifikimin dhe P\u00ebrballimin e Emergjencave Civile n\u00eb Bashkin\u00eb Mirdit\u00eb. T\u00eb pranish\u00ebm n\u00eb mbledhje ishin: Prefekti i Qarkut Lezh\u00eb Z. Gjergj Prendi, N\u00ebnprefekte\/ Mirdit\u00eb Znj. Marie Doda, Shefi i Komisariatit Mirdit\u00eb Z. Paulin \u00c7upi si dhe t\u00eb gjith\u00eb an\u00ebtar\u00ebt e Komisionit Vendor t\u00eb [...]","protected":false},"author":2,"featured_media":2964,"comment_status":"open","ping_status":"open","sticky":false,"template":"","format":"standard","meta":[],"categories":[1],"tags":[],"_links":{"self":[{"href":"https:\/\/bashkiamirdite.gov.al\/index.php?rest_route=\/wp\/v2\/posts\/2961"}],"collection":[{"href":"https:\/\/bashkiamirdite.gov.al\/index.php?rest_route=\/wp\/v2\/posts"}],"about":[{"href":"https:\/\/bashkiamirdite.gov.al\/index.php?rest_route=\/wp\/v2\/types\/post"}],"author":[{"embeddable":true,"href":"https:\/\/bashkiamirdite.gov.al\/index.php?rest_route=\/wp\/v2\/users\/2"}],"replies":[{"embeddable":true,"href":"https:\/\/bashkiamirdite.gov.al\/index.php?rest_route=%2Fwp%2Fv2%2Fcomments&post=2961"}],"version-history":[{"count":8,"href":"https:\/\/bashkiamirdite.gov.al\/index.php?rest_route=\/wp\/v2\/posts\/2961\/revisions"}],"predecessor-version":[{"id":2996,"href":"https:\/\/bashkiamirdite.gov.al\/index.php?rest_route=\/wp\/v2\/posts\/2961\/revisions\/2996"}],"wp:featuredmedia":[{"embeddable":true,"href":"https:\/\/bashkiamirdite.gov.al\/index.php?rest_route=\/wp\/v2\/media\/2964"}],"wp:attachment":[{"href":"https:\/\/bashkiamirdite.gov.al\/index.php?rest_route=%2Fwp%2Fv2%2Fmedia&parent=2961"}],"wp:term":[{"taxonomy":"category","embeddable":true,"href":"https:\/\/bashkiamirdite.gov.al\/index.php?rest_route=%2Fwp%2Fv2%2Fcategories&post=2961"},{"taxonomy":"post_tag","embeddable":true,"href":"https:\/\/bashkiamirdite.gov.al\/index.php?rest_route=%2Fwp%2Fv2%2Ftags&post=2961"}],"curies":[{"name":"wp","href":"https:\/\/api.w.org\/{rel}","templated":true}]}}