{"id":3154,"date":"2023-09-12T13:24:52","date_gmt":"2023-09-12T11:24:52","guid":{"rendered":"http:\/\/bashkiamirdite.gov.al\/?p=3154"},"modified":"2023-09-21T16:15:38","modified_gmt":"2023-09-21T14:15:38","slug":"3154","status":"publish","type":"post","link":"https:\/\/bashkiamirdite.gov.al\/?p=3154","title":{"rendered":"Viti i ri shkollor 2023-2024"},"content":{"rendered":"<p id=\"\">N\u00eb dit\u00ebn e par\u00eb t\u00eb vitit t\u00eb ri shkollor t\u00eb arsimit parauniversitar 2023-2024, Kryetari i Bashkis\u00eb Mirdit\u00eb Z.Albert Melyshi p\u00ebrsh\u00ebndeti nga af\u00ebr m\u00ebsuesit, nx\u00ebn\u00ebsit dhe prind\u00ebrit.<br \/>\nZ. Melyshi vizitoi shkoll\u00ebn 9- vje\u00e7are &#8220;N\u00ebn\u00eb Tereza&#8221; Rr\u00ebshen, nga ku ju uroj t\u00eb gjith\u00eb nx\u00ebn\u00ebsve nj\u00eb vit sa m\u00eb t\u00eb mbar\u00eb shkollor, n\u00eb ve\u00e7anti atyre q\u00eb ulen p\u00ebr her\u00eb t\u00eb par\u00eb n\u00eb bankat e shkoll\u00ebs.<br \/>\nGjithashtu ju uroj m\u00ebsuesve shum\u00eb suksese dhe mbar\u00ebsi n\u00eb misionin e tyre fisnik.<br \/>\nKryetari i Bashkis\u00eb shprehu angazhimin maksimal n\u00eb mb\u00ebshtetjen dhe motivimin e arsimimit t\u00eb t\u00eb rinjve t\u00eb Mirdit\u00ebs.<\/p>\n<p id=\"\">\n","protected":false},"excerpt":{"rendered":"<p>N\u00eb dit\u00ebn e par\u00eb t\u00eb vitit t\u00eb ri shkollor t\u00eb arsimit parauniversitar 2023-2024, Kryetari i Bashkis\u00eb Mirdit\u00eb Z.Albert Melyshi p\u00ebrsh\u00ebndeti nga af\u00ebr m\u00ebsuesit, nx\u00ebn\u00ebsit dhe prind\u00ebrit. Z. Melyshi vizitoi shkoll\u00ebn 9- vje\u00e7are &#8220;N\u00ebn\u00eb Tereza&#8221; Rr\u00ebshen, nga ku ju uroj t\u00eb gjith\u00eb nx\u00ebn\u00ebsve nj\u00eb vit sa m\u00eb t\u00eb mbar\u00eb shkollor, n\u00eb ve\u00e7anti atyre q\u00eb ulen p\u00ebr [&hellip;]<\/p>\n","protected":false},"author":2,"featured_media":3159,"comment_status":"open","ping_status":"open","sticky":false,"template":"","format":"standard","meta":[],"categories":[17],"tags":[],"_links":{"self":[{"href":"https:\/\/bashkiamirdite.gov.al\/index.php?rest_route=\/wp\/v2\/posts\/3154"}],"collection":[{"href":"https:\/\/bashkiamirdite.gov.al\/index.php?rest_route=\/wp\/v2\/posts"}],"about":[{"href":"https:\/\/bashkiamirdite.gov.al\/index.php?rest_route=\/wp\/v2\/types\/post"}],"author":[{"embeddable":true,"href":"https:\/\/bashkiamirdite.gov.al\/index.php?rest_route=\/wp\/v2\/users\/2"}],"replies":[{"embeddable":true,"href":"https:\/\/bashkiamirdite.gov.al\/index.php?rest_route=%2Fwp%2Fv2%2Fcomments&post=3154"}],"version-history":[{"count":16,"href":"https:\/\/bashkiamirdite.gov.al\/index.php?rest_route=\/wp\/v2\/posts\/3154\/revisions"}],"predecessor-version":[{"id":3192,"href":"https:\/\/bashkiamirdite.gov.al\/index.php?rest_route=\/wp\/v2\/posts\/3154\/revisions\/3192"}],"wp:featuredmedia":[{"embeddable":true,"href":"https:\/\/bashkiamirdite.gov.al\/index.php?rest_route=\/wp\/v2\/media\/3159"}],"wp:attachment":[{"href":"https:\/\/bashkiamirdite.gov.al\/index.php?rest_route=%2Fwp%2Fv2%2Fmedia&parent=3154"}],"wp:term":[{"taxonomy":"category","embeddable":true,"href":"https:\/\/bashkiamirdite.gov.al\/index.php?rest_route=%2Fwp%2Fv2%2Fcategories&post=3154"},{"taxonomy":"post_tag","embeddable":true,"href":"https:\/\/bashkiamirdite.gov.al\/index.php?rest_route=%2Fwp%2Fv2%2Ftags&post=3154"}],"curies":[{"name":"wp","href":"https:\/\/api.w.org\/{rel}","templated":true}]}}