{"id":3181,"date":"2023-09-21T13:39:59","date_gmt":"2023-09-21T11:39:59","guid":{"rendered":"http:\/\/bashkiamirdite.gov.al\/?p=3181"},"modified":"2023-09-21T15:57:30","modified_gmt":"2023-09-21T13:57:30","slug":"censi-i-popullsise-dhe-banesave-2023","status":"publish","type":"post","link":"https:\/\/bashkiamirdite.gov.al\/?p=3181","title":{"rendered":"Censi i Popullsis\u00eb dhe Banesave 2023"},"content":{"rendered":"<p id=\"\">Njoftim!<br \/>\nT\u00eb nderuar qytetar\u00eb!<br \/>\nDuke nisur nga data 18 shtator do t\u00eb nis\u00eb Censi i Popullsis\u00eb dhe Banesave 2023, q\u00eb do t\u00eb kryhet nga Instituti i Statistikave, anketim i cili do t\u00eb zgjas\u00eb deri me 30 tetor.<br \/>\nAnketuesi do t\u00eb trokas\u00eb n\u00eb \u00e7do der\u00eb, dhe n\u00eb rast se nuk jeni n\u00eb sht\u00ebpi, do t\u00eb ju l\u00ebr\u00eb nj\u00eb let\u00ebr dhe do t\u00eb rikthehet nj\u00eb dit\u00eb tjet\u00ebr.<br \/>\nBashkia Mirdit\u00eb fton t\u00eb gjith\u00eb qytetar\u00ebt q\u00eb t\u00eb jen\u00eb sa m\u00eb bashk\u00ebpunues dhe ti p\u00ebrgjigjen pyetjeve t\u00eb anketuesit n\u00eb m\u00ebnyr\u00eb sa m\u00eb t\u00eb sakt\u00eb, sepse n\u00eb k\u00ebt\u00eb m\u00ebnyr\u00eb do t\u00eb kemi t\u00eb dh\u00ebna t\u00eb sakta e t\u00eb azhornuara, rreth numrit t\u00eb popullsis\u00eb, banesave, kushteve t\u00eb jetes\u00ebs, shkollimit, e pun\u00ebsimit, si dhe t\u00eb dh\u00ebna t\u00eb tjera statistikore.<\/p>\n<p id=\"\">\u00a0 \u00a0 \u00a0 <img loading=\"lazy\" class=\"alignnone wp-image-3179\" src=\"https:\/\/bashkiamirdite.gov.al\/wp-content\/uploads\/2023\/09\/WhatsApp-Image-2023-09-19-at-13.49.55.jpeg\" alt=\"\" width=\"275\" height=\"275\" \/>\u00a0 \u00a0 \u00a0 <img loading=\"lazy\" class=\"alignnone wp-image-3177\" src=\"https:\/\/bashkiamirdite.gov.al\/wp-content\/uploads\/2023\/09\/WhatsApp-Image-2023-09-19-at-13.49.56-1.jpeg\" alt=\"\" width=\"274\" height=\"274\" \/>\u00a0 \u00a0 \u00a0 <img loading=\"lazy\" class=\"alignnone wp-image-3176\" src=\"https:\/\/bashkiamirdite.gov.al\/wp-content\/uploads\/2023\/09\/WhatsApp-Image-2023-09-19-at-13.49.56-2.jpeg\" alt=\"\" width=\"272\" height=\"272\" \/><\/p>\n","protected":false},"excerpt":{"rendered":"<p>Njoftim! T\u00eb nderuar qytetar\u00eb! Duke nisur nga data 18 shtator do t\u00eb nis\u00eb Censi i Popullsis\u00eb dhe Banesave 2023, q\u00eb do t\u00eb kryhet nga Instituti i Statistikave, anketim i cili do t\u00eb zgjas\u00eb deri me 30 tetor. Anketuesi do t\u00eb trokas\u00eb n\u00eb \u00e7do der\u00eb, dhe n\u00eb rast se nuk jeni n\u00eb sht\u00ebpi, do t\u00eb ju [&hellip;]<\/p>\n","protected":false},"author":2,"featured_media":3191,"comment_status":"open","ping_status":"open","sticky":false,"template":"","format":"standard","meta":[],"categories":[3],"tags":[],"_links":{"self":[{"href":"https:\/\/bashkiamirdite.gov.al\/index.php?rest_route=\/wp\/v2\/posts\/3181"}],"collection":[{"href":"https:\/\/bashkiamirdite.gov.al\/index.php?rest_route=\/wp\/v2\/posts"}],"about":[{"href":"https:\/\/bashkiamirdite.gov.al\/index.php?rest_route=\/wp\/v2\/types\/post"}],"author":[{"embeddable":true,"href":"https:\/\/bashkiamirdite.gov.al\/index.php?rest_route=\/wp\/v2\/users\/2"}],"replies":[{"embeddable":true,"href":"https:\/\/bashkiamirdite.gov.al\/index.php?rest_route=%2Fwp%2Fv2%2Fcomments&post=3181"}],"version-history":[{"count":6,"href":"https:\/\/bashkiamirdite.gov.al\/index.php?rest_route=\/wp\/v2\/posts\/3181\/revisions"}],"predecessor-version":[{"id":3190,"href":"https:\/\/bashkiamirdite.gov.al\/index.php?rest_route=\/wp\/v2\/posts\/3181\/revisions\/3190"}],"wp:featuredmedia":[{"embeddable":true,"href":"https:\/\/bashkiamirdite.gov.al\/index.php?rest_route=\/wp\/v2\/media\/3191"}],"wp:attachment":[{"href":"https:\/\/bashkiamirdite.gov.al\/index.php?rest_route=%2Fwp%2Fv2%2Fmedia&parent=3181"}],"wp:term":[{"taxonomy":"category","embeddable":true,"href":"https:\/\/bashkiamirdite.gov.al\/index.php?rest_route=%2Fwp%2Fv2%2Fcategories&post=3181"},{"taxonomy":"post_tag","embeddable":true,"href":"https:\/\/bashkiamirdite.gov.al\/index.php?rest_route=%2Fwp%2Fv2%2Ftags&post=3181"}],"curies":[{"name":"wp","href":"https:\/\/api.w.org\/{rel}","templated":true}]}}