{"id":3212,"date":"2023-09-26T10:40:29","date_gmt":"2023-09-26T08:40:29","guid":{"rendered":"http:\/\/bashkiamirdite.gov.al\/?p=3212"},"modified":"2023-09-26T10:40:29","modified_gmt":"2023-09-26T08:40:29","slug":"ambasadorja-e-zvicres-vizite-ne-bashkine-mirdite","status":"publish","type":"post","link":"https:\/\/bashkiamirdite.gov.al\/?p=3212","title":{"rendered":"Ambasadorja e Zvicr\u00ebs, vizit\u00eb n\u00eb Bashkin\u00eb Mirdit\u00eb."},"content":{"rendered":"<p id=\"\">Ambasadore e Zvicr\u00ebs n\u00eb Shqip\u00ebri znj. Ruth Huber b\u00ebri nj\u00eb vizit\u00eb zyrtare n\u00eb Bashkin\u00eb Mirdit\u00eb. Ajo u prit nga kryetari i bashkis\u00eb z. Albert Melyshi, n\u00eb zyr\u00ebn e t\u00eb cilit u organizua dhe nj\u00eb takim pune i zgjeruar. Ambasadorja shoq\u00ebrohej nga ekipi i Bashkive t\u00eb Forta, p\u00ebrkat\u00ebsisht nga Menaxheri i projektit z. Norbert Pijls, dhe znj.Valbona Karakaqi si dhe Koordinatori i projektit z. Bukurosh Onuzi, projekte ku Bashkia Mirdit\u00eb \u00ebsht\u00eb p\u00ebrfituese prej disa vitesh.<br \/>\nTakimi konsistoi kryesisht n\u00eb njohjen e Shk\u00eblqesis\u00eb s\u00eb saj me vizionin dhe strategjit\u00eb e zhvillimit t\u00eb Bashkis\u00eb Mirdit\u00eb.<br \/>\nFillimisht Z. Melyshi falenderoi zonj\u00ebn Ambasadore p\u00ebr ndales\u00ebn n\u00eb Mirdit\u00eb, dhe shprehu mir\u00ebnjohje p\u00ebr kontributin e vazhduesh\u00ebm t\u00eb shtetit t\u00eb Zvicr\u00ebs me nj\u00eb s\u00ebr\u00eb projektesh p\u00ebr zhvillimin e Mirdit\u00ebs, dhe jo vet\u00ebm. Gjithashtu ai paraqiti dhe sfidat me t\u00eb cilat ndeshet Bashkia Mirdit\u00eb, q\u00eb lidhen kryesisht me buxhetin e ul\u00ebt q\u00eb delegohet n\u00eb raport disfavorizues me numrin e popullsis\u00eb, gj\u00eb q\u00eb reflektohet n\u00eb investime si n\u00eb infrastruktur\u00eb dhe n\u00eb ofrimin e sh\u00ebrbimeve.<br \/>\nP\u00ebr nga pik\u00ebpamja gjeografike dhe atraksionet natyrore, &#8220;Rajoni i Mirdit\u00ebs paraqet nj\u00eb Zvic\u00ebr t\u00eb vog\u00ebl&#8221;, theksoi kryebashkiaku Melyshi, prandaj nd\u00ebr pikat e forta n\u00eb planet strategjike t\u00eb zhvillimit q\u00eb ndikojn\u00eb n\u00eb p\u00ebrmir\u00ebsimin e jet\u00ebs s\u00eb qytetar\u00ebve t\u00eb k\u00ebtij vendi jan\u00eb p\u00ebrcaktuar zhvillimi i turizmit dhe bujq\u00ebsis\u00eb.<br \/>\nZ. Melyshi nuk la pa p\u00ebrmendur dhe l\u00ebnien n\u00eb harres\u00eb t\u00eb Burgut t\u00eb Spa\u00e7it, dhe r\u00ebnd\u00ebsin\u00eb q\u00eb ka rivitalizimi i tij, jo vet\u00ebm si memorie kulturore por edhe si atraksion turistik. Ai u shpreh q\u00eb do bashk\u00ebpunoj\u00eb me \u00e7do aktor t\u00eb pushtetit vendor, qendror dhe nd\u00ebrkomb\u00ebtar p\u00ebr t\u00eb zhvilluar Mirdit\u00ebn.<br \/>\nZnj. Ambasadore e p\u00ebrg\u00ebzoi kryetarin e Bashkis\u00eb p\u00ebr fitoren e zgjedhjeve dhe i uroj suksese n\u00eb detyr\u00eb. Gjithashtu u shpreh me konsiderata t\u00eb larta p\u00ebr m\u00ebnyr\u00ebn sesi jan\u00eb implementuar projektet e Qeveris\u00eb Zviceriane, si menaxhimi i riskut, t\u00eb ardhurave, mbledhja e taksave apo dhe menaxhimi i mbetjeve. Pun\u00eb t\u00eb mira jan\u00eb nisur dhe b\u00ebr\u00eb por kemi dhe shum\u00eb pun\u00eb p\u00ebr t\u00eb ber\u00eb n\u00eb vijim. Ajo u ndal dhe n\u00eb funksionimin e shoqat\u00ebs s\u00eb bashkive, ku zoti Melyshi ka rol t\u00eb r\u00ebnd\u00ebsish\u00ebm, duke nxitur bashk\u00ebpunimin dhe me shoqat\u00ebn tjet\u00ebr t\u00eb bashkive p\u00ebr t\u2019u fokusuar tek problematikat e p\u00ebrbashk\u00ebta q\u00eb ndeshin bashkit\u00eb e vendit si t\u00eb nj\u00eb krahu apo krahu tjet\u00ebr politik.<br \/>\nVizita vazhdoi me nj\u00eb tryez\u00eb t\u00eb rrumbullak\u00ebt me p\u00ebrfaq\u00ebsues t\u00eb K\u00ebshillit t\u00eb Bashkis\u00eb Mirdit\u00eb. Mb\u00ebshtetja e projekteve Zviceriane p\u00ebr K\u00ebshillin e Bashkis\u00eb \u00ebsht\u00eb e dukshme me ofrimin e trajnimeve p\u00ebr ngritjen e kapaciteve t\u00eb k\u00ebshilltareve, ku vlen t\u00eb p\u00ebrmendet dhe mb\u00ebshtetja p\u00ebr transmetimin online t\u00eb mbledhjeve t\u00eb K\u00ebshillit t\u00eb Bashkis\u00eb duke e b\u00ebr\u00eb procesin vendimmarr\u00ebs edhe m\u00eb transparent.<br \/>\nN\u00eb p\u00ebrmbyllje t\u00eb k\u00ebtij takimi, u vizitua dhe InfoKulla Mirdit\u00eb, ku ambasadorja pati mund\u00ebsin\u00eb t\u00eb njihej m\u00eb shum\u00eb me historin\u00eb, tradit\u00ebn, kultur\u00ebn, pozicionin gjeografik, si dhe zhvillimin turistik dhe ekonomik t\u00eb Mirdit\u00ebs.<\/p>\n<p id=\"\"><img loading=\"lazy\" class=\"alignnone  wp-image-3208\" src=\"https:\/\/bashkiamirdite.gov.al\/wp-content\/uploads\/2023\/09\/WhatsApp-Image-2023-09-26-at-10.22.13-2.jpeg\" alt=\"\" width=\"365\" height=\"264\" \/>\u00a0 \u00a0 <img loading=\"lazy\" class=\"alignnone  wp-image-3206\" src=\"https:\/\/bashkiamirdite.gov.al\/wp-content\/uploads\/2023\/09\/WhatsApp-Image-2023-09-26-at-10.22.14.jpeg\" alt=\"\" width=\"442\" height=\"249\" \/><\/p>\n<p>\u00a0 \u00a0 \u00a0 \u00a0<img loading=\"lazy\" class=\"alignnone wp-image-3207\" src=\"https:\/\/bashkiamirdite.gov.al\/wp-content\/uploads\/2023\/09\/WhatsApp-Image-2023-09-26-at-10.22.13-3.jpeg\" alt=\"\" width=\"324\" height=\"576\" \/>\u00a0 \u00a0 \u00a0 \u00a0 \u00a0 <img loading=\"lazy\" class=\"alignnone  wp-image-3209\" src=\"https:\/\/bashkiamirdite.gov.al\/wp-content\/uploads\/2023\/09\/WhatsApp-Image-2023-09-26-at-10.22.13-1.jpeg\" alt=\"\" width=\"556\" height=\"556\" \/><\/p>\n","protected":false},"excerpt":{"rendered":"<p>Ambasadore e Zvicr\u00ebs n\u00eb Shqip\u00ebri znj. Ruth Huber b\u00ebri nj\u00eb vizit\u00eb zyrtare n\u00eb Bashkin\u00eb Mirdit\u00eb. Ajo u prit nga kryetari i bashkis\u00eb z. Albert Melyshi, n\u00eb zyr\u00ebn e t\u00eb cilit u organizua dhe nj\u00eb takim pune i zgjeruar. Ambasadorja shoq\u00ebrohej nga ekipi i Bashkive t\u00eb Forta, p\u00ebrkat\u00ebsisht nga Menaxheri i projektit z. Norbert Pijls, dhe [&hellip;]<\/p>\n","protected":false},"author":2,"featured_media":3210,"comment_status":"open","ping_status":"open","sticky":false,"template":"","format":"standard","meta":[],"categories":[1],"tags":[],"_links":{"self":[{"href":"https:\/\/bashkiamirdite.gov.al\/index.php?rest_route=\/wp\/v2\/posts\/3212"}],"collection":[{"href":"https:\/\/bashkiamirdite.gov.al\/index.php?rest_route=\/wp\/v2\/posts"}],"about":[{"href":"https:\/\/bashkiamirdite.gov.al\/index.php?rest_route=\/wp\/v2\/types\/post"}],"author":[{"embeddable":true,"href":"https:\/\/bashkiamirdite.gov.al\/index.php?rest_route=\/wp\/v2\/users\/2"}],"replies":[{"embeddable":true,"href":"https:\/\/bashkiamirdite.gov.al\/index.php?rest_route=%2Fwp%2Fv2%2Fcomments&post=3212"}],"version-history":[{"count":6,"href":"https:\/\/bashkiamirdite.gov.al\/index.php?rest_route=\/wp\/v2\/posts\/3212\/revisions"}],"predecessor-version":[{"id":3218,"href":"https:\/\/bashkiamirdite.gov.al\/index.php?rest_route=\/wp\/v2\/posts\/3212\/revisions\/3218"}],"wp:featuredmedia":[{"embeddable":true,"href":"https:\/\/bashkiamirdite.gov.al\/index.php?rest_route=\/wp\/v2\/media\/3210"}],"wp:attachment":[{"href":"https:\/\/bashkiamirdite.gov.al\/index.php?rest_route=%2Fwp%2Fv2%2Fmedia&parent=3212"}],"wp:term":[{"taxonomy":"category","embeddable":true,"href":"https:\/\/bashkiamirdite.gov.al\/index.php?rest_route=%2Fwp%2Fv2%2Fcategories&post=3212"},{"taxonomy":"post_tag","embeddable":true,"href":"https:\/\/bashkiamirdite.gov.al\/index.php?rest_route=%2Fwp%2Fv2%2Ftags&post=3212"}],"curies":[{"name":"wp","href":"https:\/\/api.w.org\/{rel}","templated":true}]}}