{"id":3224,"date":"2023-10-02T09:16:56","date_gmt":"2023-10-02T07:16:56","guid":{"rendered":"http:\/\/bashkiamirdite.gov.al\/?p=3224"},"modified":"2023-10-02T10:41:05","modified_gmt":"2023-10-02T08:41:05","slug":"dita-kombetare-e-trashegimise-kulturore-dedikuar-pasurimit-te-muzeut-historik-te-mirdites","status":"publish","type":"post","link":"https:\/\/bashkiamirdite.gov.al\/?p=3224","title":{"rendered":"Dita Komb\u00ebtare e Trash\u00ebgimis\u00eb Kulturore,  dedikuar pasurimit t\u00eb Muzeut Historik t\u00eb Mirdit\u00ebs."},"content":{"rendered":"<p id=\"\">N\u00eb ambjentet e Muzeut Historik t\u00eb Mirdit\u00ebs \u00ebsht\u00eb organizuar nj\u00eb event i vecant\u00eb kushtuar &#8220;Dit\u00ebs Komb\u00ebtare t\u00eb Trash\u00ebgimis\u00eb Kulturore&#8221;.<br \/>\nKy institucion i trash\u00ebgimis\u00eb kulturore i \u00ebsht\u00eb n\u00ebnshtruar nj\u00eb nd\u00ebrhyrje restauruese ku \u00ebsht\u00eb dyfishuar sip\u00ebrfaqja e pavioneve muzeale, por akoma nuk ka nd\u00ebrhyrje n\u00eb plot\u00ebsimin e mozaikut muzeal p\u00ebr ta b\u00ebr\u00eb at\u00eb t\u00eb vizituesh\u00ebm.<br \/>\nKy takim pati si objektiv rritjen e sensibilizimit p\u00ebr ta rijet\u00ebzuar Muzeun edhe nga ana ekspozuese e artefakteve, tabeleve shpjeguese etj.<br \/>\nN\u00eb hollin e Muzeut dhe n\u00eb nj\u00eb prej pavioneve, q\u00eb do sjell\u00eb historin\u00eb kishtare t\u00eb Mirdit\u00ebs, u organizuan disa mini-eksponate artefaktesh t\u00eb koh\u00ebve dhe epokave t\u00eb ndryshme si dhe ekspozita e Abatit t\u00eb P\u00ebrndritur, Rilindasit t\u00eb madh t\u00eb Kombit, Prend Doci, i cili p\u00ebrmes &#8220;Shoq\u00ebris\u00eb Bashkimi&#8221; krijoi dhe drejtoi si dhe p\u00ebrhapi fuqish\u00ebm gjuh\u00ebn shqipe n\u00ebp\u00ebrmjet shtypit t\u00eb shkruar dhe botimit t\u00eb librave nga fushat e ndryshme n\u00eb alfabetin latin, veprime atdhetare t\u00eb cilat sh\u00ebrbyen si parap\u00ebrgatitje p\u00ebr shpalljen e Pavar\u00ebsis\u00eb se vendit ton\u00eb ne vitin 1912.<br \/>\nM\u00eb pas u organizua nj\u00eb takim me studiues, historian\u00eb, m\u00ebsues e t\u00eb rinj, t\u00eb cil\u00ebt fillimisht i p\u00ebrsh\u00ebndeti kryebashkiaku z. Melyshi, i cili n\u00eb fjal\u00ebn e tij foli p\u00ebr r\u00ebnd\u00ebsin\u00eb q\u00eb ka rijet\u00ebzimi i k\u00ebtij Muzeu si pike referimi p\u00ebr historin\u00eb e trev\u00ebs son\u00eb dhe si nj\u00eb atraksion i r\u00ebnd\u00ebsish\u00ebm trash\u00ebgimor dhe turistik, rijet\u00ebzim q\u00eb do t\u00eb b\u00ebhet p\u00ebrmes nj\u00eb bordi specialist\u00ebsh t\u00eb fush\u00ebs.<br \/>\nAi u shpreh se shtatori \u00ebsht\u00eb muaji kur t\u00eb gjith\u00eb kujtojm\u00eb Dit\u00ebt Evropiane t\u00eb Trash\u00ebgimis\u00eb dhe 29 Shtatorin, \u201cDit\u00ebn Komb\u00ebtare t\u00eb Trash\u00ebgimis\u00eb\u201d, t\u00eb shpallur n\u00eb vitin 2003, ku t\u00eb gjitha vlerat e prekshme dhe t\u00eb paprekshme b\u00ebhen nj\u00eb s\u00eb bashku me ata q\u00eb i krijuan dhe i ruajt\u00ebn ato p\u00ebr t\u2019ua kaluar brezave si d\u00ebshmi t\u00eb identitetit ton\u00eb kulturor dhe evropian.<br \/>\nM\u00eb tej ai theksoi faktin se Mirdita ka nj\u00eb pasuri t\u00eb vyer kulturore e cila n\u00eb qoft\u00eb se nuk perpiqemi p\u00ebr ta ruajtur do t\u00eb na humbas\u00eb. Ai ftoi t\u00eb gjith\u00eb kontributor\u00ebt e muzealizimit p\u00ebr t\u00eb dh\u00ebn\u00eb kontributin e tyre n\u00eb rikonceptimin e p\u00ebrmbajtjes shkencore t\u00eb Muzeut p\u00ebr ta kthyer n\u00eb nj\u00eb muze dinjitoz me t\u00eb gjith\u00eb trash\u00ebgimin\u00eb q\u00eb ne na b\u00ebn krenar, si dhe b\u00ebri thirrje ndaj \u00e7do qytetari q\u00eb n\u00eb sht\u00ebpit\u00eb e tij ka objekte q\u00eb d\u00ebshmojn\u00eb historin\u00eb, tradit\u00ebn dhe kultur\u00ebn ton\u00eb t\u00eb mund t\u2019ia dhuroj\u00eb k\u00ebtij Muzeu.<br \/>\nHistoriani i njohur z. Gjet Ndoj tha se Mirdita percjell\u00eb q\u00eb nga Parailir\u00ebt, Ilir\u00ebt, Arb\u00ebrit e deri m\u00eb sot, n\u00eb m\u00ebnyr\u00ebn m\u00eb te qart\u00eb autentike e t\u00eb pap\u00ebrzier\u00eb me mbivendosjet kulturore q\u00eb soll\u00ebn stuhit\u00eb barbare n\u00eb koh\u00eb t\u00eb ndryshme n\u00eb ARB\u00cbRI. D\u00ebshmit\u00eb jan\u00eb t\u00eb larmishme si: gjetje arkeologjike; objekte, pasuri e jasht\u00ebzakonshme etnografike; folklor si askund tjet\u00ebr; apo dhe dokumente arkivore, q\u00eb v\u00ebrtetojn\u00eb dhe bindin \u00e7do shqiptar e t\u00eb huaj se: NGA MIRDITA KUNDROHET ARB\u00cbRIA DHE ILIRIA.<br \/>\nK\u00ebtu ka prezenc\u00eb t\u00eb larmishme t\u00eb objekteve t\u00eb Trash\u00ebgimis\u00eb Kulturore t\u00eb vendit. Pjes\u00ebmarrja dhe premtimi i Kryetarit t\u00eb Bashkis\u00eb Mirdit\u00eb z Albert Melyshi, \u00ebsht\u00eb mjaft shpres\u00ebdh\u00ebn\u00ebs p\u00ebr ngritjen nd\u00ebr t\u00eb tjera edhe t\u00eb Muzeut Historik dhe Etnografik t\u00eb Mirdit\u00ebs ton\u00eb.<br \/>\nEventi u g\u00ebrsh\u00ebtua edhe me disa pjes\u00eb artistike q\u00eb lidhen m\u00eb folklorin e pasur por dhe demostrimin e zejeve t\u00eb ndryshme. Nj\u00eb pjes\u00eb me lahut\u00eb nga bardi D. P\u00ebrdoda, fabula e Mokn\u00ebs e k\u00ebnduar nga artistja e Ansamblit Mirdita P. Beleshi si dhe disa pjes\u00eb artistike me f\u00ebmij\u00ebt e QKF-Mirdit\u00eb n\u00ebn drejtimin e mjeshtrit Kol Picaku dhe muzikantit t\u00eb ri A. Gjoka e b\u00ebn\u00eb aktivitetin m\u00eb t\u00ebrheq\u00ebs.<br \/>\nArtist\u00ebt e \u201cTek Bunkeri\u201d demostruan punimet e projektit q\u00eb po zbatohet n\u00eb Mirdit\u00eb kryesisht p\u00ebr ish-burgun politik t\u00eb Spacit, duke b\u00ebr\u00eb pjes\u00eb aktive t\u00eb rinjt\u00eb n\u00eb punimet e ndryshme si n\u00eb qeramik\u00eb, p\u00ebrmes t\u00eb cilave mund t\u00eb sillen dhe artefakte t\u00eb modeluara si makete etj.<br \/>\nZejtarja D. Fizi solli d\u00ebshmi autentike nga veshjet e Mirdit\u00ebs n\u00eb mbi 100 vite. Drejtuese e grupit t\u00eb duarve t\u00eb shkath\u00ebta n\u00eb QKF, z. M Shtjefanaku solli nj\u00eb ekspozit\u00eb t\u00eb shkurt\u00ebr nga punimet e f\u00ebmij\u00ebve t\u00eb talentuar dhe mund\u00ebsit\u00eb q\u00eb kan\u00eb ata p\u00ebr t\u00eb punuar n\u00eb modele q\u00eb do u duhen pavioneve t\u00eb ndryshme t\u00eb k\u00ebtij Muzeu.<\/p>\n<p>Eventi \u00ebsht\u00eb moderuar nga z. Gj. Marku p\u00ebrmes nj\u00eb regjisure t\u00eb integruar q\u00eb i sh\u00ebrbente misionit t\u00eb k\u00ebsaj dite \u201cT\u00eb pasurojm\u00eb Muzeun Historik t\u00eb Mirdit\u00ebs<\/p>\n<p><img loading=\"lazy\" class=\"alignnone wp-image-3225\" src=\"https:\/\/bashkiamirdite.gov.al\/wp-content\/uploads\/2023\/10\/WhatsApp-Image-2023-10-02-at-08.48.58.jpeg\" alt=\"\" width=\"277\" height=\"247\" \/> <img loading=\"lazy\" class=\"alignnone wp-image-3226\" src=\"https:\/\/bashkiamirdite.gov.al\/wp-content\/uploads\/2023\/10\/WhatsApp-Image-2023-10-02-at-08.48.57-2.jpeg\" alt=\"\" width=\"291\" height=\"164\" \/> <img loading=\"lazy\" class=\"alignnone size-medium wp-image-3227\" src=\"https:\/\/bashkiamirdite.gov.al\/wp-content\/uploads\/2023\/10\/WhatsApp-Image-2023-10-02-at-08.48.57-1.jpeg\" alt=\"\" width=\"300\" height=\"169\" \/> <img loading=\"lazy\" class=\"alignnone size-medium wp-image-3228\" src=\"https:\/\/bashkiamirdite.gov.al\/wp-content\/uploads\/2023\/10\/WhatsApp-Image-2023-10-02-at-08.48.57.jpeg\" alt=\"\" width=\"300\" height=\"184\" \/> <img loading=\"lazy\" class=\"alignnone size-medium wp-image-3229\" src=\"https:\/\/bashkiamirdite.gov.al\/wp-content\/uploads\/2023\/10\/WhatsApp-Image-2023-10-02-at-08.48.56.jpeg\" alt=\"\" width=\"300\" height=\"169\" \/> <img loading=\"lazy\" class=\"alignnone size-medium wp-image-3230\" src=\"https:\/\/bashkiamirdite.gov.al\/wp-content\/uploads\/2023\/10\/WhatsApp-Image-2023-10-02-at-08.48.54.jpeg\" alt=\"\" width=\"300\" height=\"169\" \/><\/p>\n","protected":false},"excerpt":{"rendered":"<p>N\u00eb ambjentet e Muzeut Historik t\u00eb Mirdit\u00ebs \u00ebsht\u00eb organizuar nj\u00eb event i vecant\u00eb kushtuar &#8220;Dit\u00ebs Komb\u00ebtare t\u00eb Trash\u00ebgimis\u00eb Kulturore&#8221;. Ky institucion i trash\u00ebgimis\u00eb kulturore i \u00ebsht\u00eb n\u00ebnshtruar nj\u00eb nd\u00ebrhyrje restauruese ku \u00ebsht\u00eb dyfishuar sip\u00ebrfaqja e pavioneve muzeale, por akoma nuk ka nd\u00ebrhyrje n\u00eb plot\u00ebsimin e mozaikut muzeal p\u00ebr ta b\u00ebr\u00eb at\u00eb t\u00eb vizituesh\u00ebm. Ky takim [&hellip;]<\/p>\n","protected":false},"author":2,"featured_media":3229,"comment_status":"open","ping_status":"open","sticky":false,"template":"","format":"standard","meta":[],"categories":[1],"tags":[],"_links":{"self":[{"href":"https:\/\/bashkiamirdite.gov.al\/index.php?rest_route=\/wp\/v2\/posts\/3224"}],"collection":[{"href":"https:\/\/bashkiamirdite.gov.al\/index.php?rest_route=\/wp\/v2\/posts"}],"about":[{"href":"https:\/\/bashkiamirdite.gov.al\/index.php?rest_route=\/wp\/v2\/types\/post"}],"author":[{"embeddable":true,"href":"https:\/\/bashkiamirdite.gov.al\/index.php?rest_route=\/wp\/v2\/users\/2"}],"replies":[{"embeddable":true,"href":"https:\/\/bashkiamirdite.gov.al\/index.php?rest_route=%2Fwp%2Fv2%2Fcomments&post=3224"}],"version-history":[{"count":5,"href":"https:\/\/bashkiamirdite.gov.al\/index.php?rest_route=\/wp\/v2\/posts\/3224\/revisions"}],"predecessor-version":[{"id":3235,"href":"https:\/\/bashkiamirdite.gov.al\/index.php?rest_route=\/wp\/v2\/posts\/3224\/revisions\/3235"}],"wp:featuredmedia":[{"embeddable":true,"href":"https:\/\/bashkiamirdite.gov.al\/index.php?rest_route=\/wp\/v2\/media\/3229"}],"wp:attachment":[{"href":"https:\/\/bashkiamirdite.gov.al\/index.php?rest_route=%2Fwp%2Fv2%2Fmedia&parent=3224"}],"wp:term":[{"taxonomy":"category","embeddable":true,"href":"https:\/\/bashkiamirdite.gov.al\/index.php?rest_route=%2Fwp%2Fv2%2Fcategories&post=3224"},{"taxonomy":"post_tag","embeddable":true,"href":"https:\/\/bashkiamirdite.gov.al\/index.php?rest_route=%2Fwp%2Fv2%2Ftags&post=3224"}],"curies":[{"name":"wp","href":"https:\/\/api.w.org\/{rel}","templated":true}]}}