{"id":3248,"date":"2023-10-09T09:33:55","date_gmt":"2023-10-09T07:33:55","guid":{"rendered":"http:\/\/bashkiamirdite.gov.al\/?p=3248"},"modified":"2023-10-09T09:33:55","modified_gmt":"2023-10-09T07:33:55","slug":"kryetari-i-bashkise-priti-ne-ambjentet-e-bashkise-mirdite-ministrin-e-brendshem","status":"publish","type":"post","link":"https:\/\/bashkiamirdite.gov.al\/?p=3248","title":{"rendered":"Kryetari i Bashkis\u00eb priti  n\u00eb ambjentet e Bashkis\u00eb Mirdit\u00eb,  Ministrin e Brendsh\u00ebm."},"content":{"rendered":"<p>Kryetari i Bashkis\u00eb Mirdit\u00eb z. Albert Melyshi priti n\u00eb nj\u00eb takim zyrtar Ministrin e Brendsh\u00ebm z. Taulant Balla, ku u diskutua kryesisht p\u00ebr situat\u00ebn e rendit publik n\u00eb Mirdit\u00eb dhe rritjes s\u00eb efi\u00e7enc\u00ebs s\u00eb bashk\u00ebpunimit n\u00eb mes institucioneve.<\/p>\n<p>Ministri Balla, i cili shoq\u00ebrohej nga Drejtori i Policis\u00eb s\u00eb Shtetit z. Muhamet Rrumbullaku dhe drejtues t\u00eb tjer\u00eb t\u00eb policis\u00eb s\u00eb Shtetit si dhe nga Drejtoria e Qarkut Lezh\u00eb, Prefekti z. Gjergj Prendi, Drejtues t\u00eb Drejtoris\u00eb Arsimore tha se:<br \/>\nInstitucioni q\u00eb drejton me gjith\u00eb trup\u00ebn policore do t\u00eb jet\u00eb n\u00eb krah t\u00eb komunitetit mirditas p\u00ebr t\u2019i sjell\u00eb sa m\u00eb shpejt rend t\u00eb sigurt\u00eb.<br \/>\nDuke folur p\u00ebr disa masa t\u00eb marra n\u00eb rifreskimin e trup\u00ebs drejtuese t\u00eb policis\u00eb n\u00eb Mirdit\u00eb, ai theksoi dhe disa masa konkrete q\u00eb do t\u00eb merren n\u00eb k\u00ebt\u00eb drejtim, duke k\u00ebrkuar bashk\u00ebpunim n\u00eb mes institucionit t\u00eb Bashkis\u00eb, N\u00ebnprefektur\u00ebs, Prefektit si dhe t\u00eb vet\u00eb komunitetit.<br \/>\nMinistri i Brendsh\u00ebm ka folur dhe p\u00ebr probleme organizative t\u00eb policis\u00eb n\u00eb Mirdit\u00eb, duke premtuar rifreskim t\u00eb t\u00eb gjith\u00eb struktur\u00ebs policore dhe rritjes s\u00eb aft\u00ebsis\u00eb godit\u00ebse ndaj krimit.<br \/>\nKryetari i bashkis\u00eb z. Albert Melyshi, duke e fal\u00ebnderuar Minstrin e Brendsh\u00ebm, sidomos p\u00ebr shtimin e masave t\u00eb siguris\u00eb koh\u00ebt e fundit n\u00eb qytet dhe n\u00eb gjith\u00eb rajonin e Mirdit\u00ebs me impakt t\u00eb duksh\u00ebm p\u00ebr qytetar\u00ebt, tha se Mirdita \u00ebsht\u00eb nga t\u00eb rrallat krahina q\u00eb edhe vitin e mbrapsht\u00eb 1997- \u00ebs e ka kaluar me paqti dhe solidaritet n\u00eb mes banor\u00ebve t\u00eb saj, pa patur as dhe nj\u00eb ngjarje t\u00eb r\u00ebnd\u00eb.<br \/>\nAi ka apeluar q\u00eb Ministria e Brendshme dhe e gjith\u00eb policia t\u00eb jet\u00eb n\u00eb krah t\u00eb Mirdit\u00ebs dhe mirditor\u00ebve n\u00eb k\u00ebto momente pasigurie, t\u00eb cilat n\u00eb nj\u00eb qytet t\u00eb vog\u00ebl, ndikojn\u00eb n\u00eb largimin e banor\u00ebve dhe rrudhjen e m\u00ebtejshme t\u00eb krahin\u00ebs s\u00eb Mirdit\u00ebs.<br \/>\nAi u shpreh i gatsh\u00ebm p\u00ebr cdo bashk\u00ebpunim, qoft\u00eb p\u00ebrmes policis\u00eb bashkiake apo institucioneve t\u00eb tjera t\u00eb vart\u00ebsis\u00eb.<br \/>\nMinistri Balla theksoi se nj\u00eb nga bashk\u00ebpunimet konkrete do t\u00eb jet\u00eb dhe nj\u00eb projekt ku dhe bashkia duhet t\u00eb ndihmoj\u00eb p\u00ebr t\u00eb v\u00ebn\u00eb sistemin e kamerave inteligjente n\u00eb nj\u00eb territor t\u00eb gjer\u00eb, ku t\u00eb jet\u00eb mund\u00ebsia e \u201calertimit\u201d t\u00eb cdo ngjarje kriminale, p\u00ebr t\u00eb cil\u00ebn u ra dakord t\u00eb n\u00ebnshkruhet nj\u00eb marr\u00ebveshje e vecant\u00eb dypal\u00ebshe.<br \/>\nGjithashtu kryetari i Bashkis\u00eb z. Melyshi i k\u00ebrkoi Ministrit Balla q\u00eb si an\u00ebtar i Kabinetit Qeveritar n\u00eb projektet zhvilluese t\u00eb mos lihet pas dore Bashkia Mirdit\u00eb, duke u ndalur edhe tek Rruga e Lur\u00ebs p\u00ebr t\u00eb cil\u00ebn Ministri Balla theksoi se punimet atje po vazhdojn\u00eb dhe si aks rrugor do t\u00eb p\u00ebrfundoj\u00eb n\u00eb koh\u00ebn e duhur p\u00ebr t\u00eb sjell\u00eb impakte n\u00eb zhvillimin e turizmit n\u00eb krahinat nga ajo kalon.<br \/>\nM\u00eb pastaj ministri i Brendsh\u00ebm Taulant Balla dhe Kryetari i Bashkis\u00eb z. Albert Melyshi me personalitete t\u00eb tjera nga policia dhe prefektura bashk\u00ebbiseduan me gjimnazistet, senatin e nx\u00ebn\u00ebsve dhe stafin arsimor t\u00eb &#8220;Gjimnazit Rr\u00ebshen&#8221; p\u00ebr t\u00eb nxitur nj\u00eb bashk\u00ebpunim m\u00eb t\u00eb ngusht\u00eb me Policin\u00eb dhe Bashkin\u00eb, p\u00ebr t\u00eb ndar\u00eb \u00e7do shqet\u00ebsim e fenomen q\u00eb k\u00ebrc\u00ebnon sigurin\u00eb e nx\u00ebn\u00ebsve.<br \/>\nDuke folur rreth Paket\u00ebs s\u00eb Siguris\u00eb, Ministri Balla u shpreh se \u201cshkollat&#8221; p\u00ebr ne jan\u00eb objekt i r\u00ebnd\u00ebsis\u00eb s\u00eb ve\u00e7ant\u00eb dhe kushdo q\u00eb do t\u00eb tentoj\u00eb t\u00eb afrohet brenda k\u00ebtij perimetri duhet ta pyes\u00eb shum\u00eb her\u00eb veten sepse reagimi do t\u00eb jet\u00eb shum\u00eb i fort\u00eb.<br \/>\nN\u00eb lidhje me fenomenet problematike q\u00eb mund t\u00eb shfaqen n\u00eb perimetrin e siguris\u00eb n\u00eb shkolla, z. Balla k\u00ebrkoi nj\u00eb bashk\u00ebveprim m\u00eb t\u00eb shpejt\u00eb mes gjith\u00eb strukturave t\u00eb p\u00ebrfshira n\u00eb Paket\u00ebn e Siguris\u00eb, p\u00ebrkat\u00ebsisht stafit arsimor, policis\u00eb, pushtetit vendor, autoritetit ushqimor p\u00ebr t\u2019i paraprir\u00eb \u00e7do situate t\u00eb mundshme.<\/p>\n<p>&nbsp;<\/p>\n<p id=\"\"><img loading=\"lazy\" class=\"alignnone wp-image-3243 \" src=\"https:\/\/bashkiamirdite.gov.al\/wp-content\/uploads\/2023\/10\/WhatsApp-Image-2023-10-06-at-22.57.37-2.jpeg\" alt=\"\" width=\"434\" height=\"434\" \/>\u00a0 \u00a0 \u00a0 \u00a0 \u00a0 \u00a0 \u00a0 \u00a0 <img loading=\"lazy\" class=\"alignnone  wp-image-3246\" src=\"https:\/\/bashkiamirdite.gov.al\/wp-content\/uploads\/2023\/10\/WhatsApp-Image-2023-10-06-at-22.56.57.jpeg\" alt=\"\" width=\"431\" height=\"431\" \/> <img loading=\"lazy\" class=\"alignnone  wp-image-3245\" src=\"https:\/\/bashkiamirdite.gov.al\/wp-content\/uploads\/2023\/10\/WhatsApp-Image-2023-10-06-at-22.57.37.jpeg\" alt=\"\" width=\"466\" height=\"466\" \/>\u00a0 \u00a0 <img loading=\"lazy\" class=\"alignnone  wp-image-3244\" src=\"https:\/\/bashkiamirdite.gov.al\/wp-content\/uploads\/2023\/10\/WhatsApp-Image-2023-10-06-at-22.57.37-1.jpeg\" alt=\"\" width=\"459\" height=\"459\" \/><\/p>\n","protected":false},"excerpt":{"rendered":"<p>Kryetari i Bashkis\u00eb Mirdit\u00eb z. Albert Melyshi priti n\u00eb nj\u00eb takim zyrtar Ministrin e Brendsh\u00ebm z. Taulant Balla, ku u diskutua kryesisht p\u00ebr situat\u00ebn e rendit publik n\u00eb Mirdit\u00eb dhe rritjes s\u00eb efi\u00e7enc\u00ebs s\u00eb bashk\u00ebpunimit n\u00eb mes institucioneve. Ministri Balla, i cili shoq\u00ebrohej nga Drejtori i Policis\u00eb s\u00eb Shtetit z. Muhamet Rrumbullaku dhe drejtues t\u00eb [&hellip;]<\/p>\n","protected":false},"author":2,"featured_media":3247,"comment_status":"open","ping_status":"open","sticky":false,"template":"elementor_theme","format":"image","meta":[],"categories":[1],"tags":[],"_links":{"self":[{"href":"https:\/\/bashkiamirdite.gov.al\/index.php?rest_route=\/wp\/v2\/posts\/3248"}],"collection":[{"href":"https:\/\/bashkiamirdite.gov.al\/index.php?rest_route=\/wp\/v2\/posts"}],"about":[{"href":"https:\/\/bashkiamirdite.gov.al\/index.php?rest_route=\/wp\/v2\/types\/post"}],"author":[{"embeddable":true,"href":"https:\/\/bashkiamirdite.gov.al\/index.php?rest_route=\/wp\/v2\/users\/2"}],"replies":[{"embeddable":true,"href":"https:\/\/bashkiamirdite.gov.al\/index.php?rest_route=%2Fwp%2Fv2%2Fcomments&post=3248"}],"version-history":[{"count":5,"href":"https:\/\/bashkiamirdite.gov.al\/index.php?rest_route=\/wp\/v2\/posts\/3248\/revisions"}],"predecessor-version":[{"id":3253,"href":"https:\/\/bashkiamirdite.gov.al\/index.php?rest_route=\/wp\/v2\/posts\/3248\/revisions\/3253"}],"wp:featuredmedia":[{"embeddable":true,"href":"https:\/\/bashkiamirdite.gov.al\/index.php?rest_route=\/wp\/v2\/media\/3247"}],"wp:attachment":[{"href":"https:\/\/bashkiamirdite.gov.al\/index.php?rest_route=%2Fwp%2Fv2%2Fmedia&parent=3248"}],"wp:term":[{"taxonomy":"category","embeddable":true,"href":"https:\/\/bashkiamirdite.gov.al\/index.php?rest_route=%2Fwp%2Fv2%2Fcategories&post=3248"},{"taxonomy":"post_tag","embeddable":true,"href":"https:\/\/bashkiamirdite.gov.al\/index.php?rest_route=%2Fwp%2Fv2%2Ftags&post=3248"}],"curies":[{"name":"wp","href":"https:\/\/api.w.org\/{rel}","templated":true}]}}