{"id":3338,"date":"2023-10-23T15:32:31","date_gmt":"2023-10-23T13:32:31","guid":{"rendered":"http:\/\/bashkiamirdite.gov.al\/?p=3338"},"modified":"2023-10-23T15:59:11","modified_gmt":"2023-10-23T13:59:11","slug":"m%cd%8fi%cd%8fn%cd%8fi%cd%8fs%cd%8ft%cd%8fr%cd%8fi%cd%8f-i%cd%8f-s%cd%8fh%cd%8ft%cd%8fe%cd%8ft%cd%8fi%cd%8ft%cd%8f-p%cd%8fe%cd%8f%cc%88r%cd%8f-p%cd%8fu%cd%8fs%cd%8fh%cd%8ft%cd%8fe%cd%8ft%cd%8fi%cd%8fn","status":"publish","type":"post","link":"https:\/\/bashkiamirdite.gov.al\/?p=3338","title":{"rendered":"M\u034fi\u034fn\u034fi\u034fs\u034ft\u034fr\u034fi\u034f i\u034f S\u034fh\u034ft\u034fe\u034ft\u034fi\u034ft\u034f p\u034fe\u034f\u0308r\u034f P\u034fu\u034fs\u034fh\u034ft\u034fe\u034ft\u034fi\u034fn\u034f V\u034fe\u034fn\u034fd\u034fo\u034fr\u034f v\u034fi\u034fz\u034fi\u034ft\u034fe\u034f\u0308 n\u034fe\u034f\u0308 B\u034fa\u034fs\u034fh\u034fk\u034fi\u034fn\u034fe\u034f\u0308 M\u034fi\u034fr\u034fd\u034fi\u034ft\u034fe\u034f\u0308."},"content":{"rendered":"<p>Kryetari i Bashkis\u00eb Mirdit\u00eb z. Albert Melyshi priti n\u00eb nj\u00eb vizit\u00eb zyrtare Ministrin e Shtetit p\u00ebr Pushtetin Vendor z. Arbjan Mazniku .<br \/>\nKryetari i Bashkis\u00eb e falenderoi p\u00ebr vizit\u00ebn n\u00eb Mirdit\u00eb, si dhe i uroi suksese n\u00eb detyr\u00ebn e re si Minist\u00ebr i Shtetit p\u00ebr Pushtetin Vendor.<br \/>\nAi u shpreh se pushteti lokal ka nevoj\u00eb p\u00ebr nj\u00eb z\u00eb t\u00eb fort\u00eb n\u00eb qeveri.<br \/>\nZ. Mazniku u shpreh se stafi i Ministris\u00eb p\u00ebr Pushtetin Vendor do t\u00eb bashk\u00ebpunoj\u00eb ngusht\u00eb me stafet e bashkive n\u00eb m\u00ebnyr\u00eb q\u00eb t\u00eb identifikohen problematikat ku kryesojn\u00eb problemet financiare, rregullatore dhe niveli i kapaciteteve, p\u00ebr t\u00eb ju ardhur n\u00eb ndihm\u00eb bashkive n\u00eb p\u00ebrmbushjen e objektivave dhe ofrimit t\u00eb sh\u00ebrbimeve.<br \/>\nGjat\u00eb takimit kryebashkiaku parashtroi problematikat dhe prioritetet kryesore t\u00eb bashkis\u00eb Mirdit\u00eb.<br \/>\n&#8211; Zhvillimi infrastrukturor (Investime publike n\u00eb infrastruktur\u00ebn rurale si faktor zhvillimi ekonomik.<br \/>\n&#8211; Pro\u00e7esi i rind\u00ebrtimit, dislokimi i fondeve, bonusi i strehimit social.<br \/>\n&#8211; Mekanizma bashk\u00ebpunimi me ASHKN- n\u00eb n\u00eb pro\u00e7edurat e kthimit t\u00eb pron\u00ebsis\u00eb t\u00eb pronave shtet Bashkis\u00eb Mirdit\u00eb .<br \/>\n-P\u00ebrfundimin e pro\u00e7esit t\u00eb kalimit t\u00eb pron\u00ebsis\u00eb, Ligji nr. 20\/2020.<br \/>\n&#8211; Rikonstruksioni i ish- Burgut t\u00eb Spa\u00e7it dhe kthimi n\u00eb nj\u00eb atraksion turistik.<br \/>\n-Rikonstruksioni i ish- Uzin\u00ebs s\u00eb p\u00ebrpunimit t\u00eb bakrit n\u00eb Rubik dhe p\u00ebrdorimi i saj n\u00eb zhvillimin socio-ekonomik t\u00eb qytetar\u00ebve.<br \/>\n-Infrastruktura n\u00eb shkolla dhe qendrat sh\u00ebndet\u00ebsore.<\/p>\n<p>Takimi u konsiderua i suksessh\u00ebm pasi pati diskutime dhe shkembime idesh persa i perket mireqeverisjes dhe zhvillimit t\u00eb Bashkis\u00eb Mirdit\u00eb.<\/p>\n<p id=\"\"><img loading=\"lazy\" class=\"alignnone wp-image-3339\" src=\"https:\/\/bashkiamirdite.gov.al\/wp-content\/uploads\/2023\/10\/WhatsApp-Image-2023-10-23-at-15.07.34-4.jpeg\" alt=\"\" width=\"970\" height=\"546\" \/> <img loading=\"lazy\" class=\"alignnone wp-image-3340\" src=\"https:\/\/bashkiamirdite.gov.al\/wp-content\/uploads\/2023\/10\/WhatsApp-Image-2023-10-23-at-15.07.34-3.jpeg\" alt=\"\" width=\"470\" height=\"265\" \/>\u00a0 \u00a0 <img loading=\"lazy\" class=\"alignnone wp-image-3341\" src=\"https:\/\/bashkiamirdite.gov.al\/wp-content\/uploads\/2023\/10\/WhatsApp-Image-2023-10-23-at-15.07.34-2.jpeg\" alt=\"\" width=\"432\" height=\"243\" \/><img loading=\"lazy\" class=\"alignnone wp-image-3345\" src=\"https:\/\/bashkiamirdite.gov.al\/wp-content\/uploads\/2023\/10\/WhatsApp-Image-2023-10-23-at-15.07.33-2.jpeg\" alt=\"\" width=\"495\" height=\"278\" \/><\/p>\n","protected":false},"excerpt":{"rendered":"<p>Kryetari i Bashkis\u00eb Mirdit\u00eb z. Albert Melyshi priti n\u00eb nj\u00eb vizit\u00eb zyrtare Ministrin e Shtetit p\u00ebr Pushtetin Vendor z. Arbjan Mazniku . Kryetari i Bashkis\u00eb e falenderoi p\u00ebr vizit\u00ebn n\u00eb Mirdit\u00eb, si dhe i uroi suksese n\u00eb detyr\u00ebn e re si Minist\u00ebr i Shtetit p\u00ebr Pushtetin Vendor. Ai u shpreh se pushteti lokal ka nevoj\u00eb [&hellip;]<\/p>\n","protected":false},"author":2,"featured_media":3345,"comment_status":"open","ping_status":"open","sticky":false,"template":"","format":"standard","meta":[],"categories":[1],"tags":[],"_links":{"self":[{"href":"https:\/\/bashkiamirdite.gov.al\/index.php?rest_route=\/wp\/v2\/posts\/3338"}],"collection":[{"href":"https:\/\/bashkiamirdite.gov.al\/index.php?rest_route=\/wp\/v2\/posts"}],"about":[{"href":"https:\/\/bashkiamirdite.gov.al\/index.php?rest_route=\/wp\/v2\/types\/post"}],"author":[{"embeddable":true,"href":"https:\/\/bashkiamirdite.gov.al\/index.php?rest_route=\/wp\/v2\/users\/2"}],"replies":[{"embeddable":true,"href":"https:\/\/bashkiamirdite.gov.al\/index.php?rest_route=%2Fwp%2Fv2%2Fcomments&post=3338"}],"version-history":[{"count":11,"href":"https:\/\/bashkiamirdite.gov.al\/index.php?rest_route=\/wp\/v2\/posts\/3338\/revisions"}],"predecessor-version":[{"id":3358,"href":"https:\/\/bashkiamirdite.gov.al\/index.php?rest_route=\/wp\/v2\/posts\/3338\/revisions\/3358"}],"wp:featuredmedia":[{"embeddable":true,"href":"https:\/\/bashkiamirdite.gov.al\/index.php?rest_route=\/wp\/v2\/media\/3345"}],"wp:attachment":[{"href":"https:\/\/bashkiamirdite.gov.al\/index.php?rest_route=%2Fwp%2Fv2%2Fmedia&parent=3338"}],"wp:term":[{"taxonomy":"category","embeddable":true,"href":"https:\/\/bashkiamirdite.gov.al\/index.php?rest_route=%2Fwp%2Fv2%2Fcategories&post=3338"},{"taxonomy":"post_tag","embeddable":true,"href":"https:\/\/bashkiamirdite.gov.al\/index.php?rest_route=%2Fwp%2Fv2%2Ftags&post=3338"}],"curies":[{"name":"wp","href":"https:\/\/api.w.org\/{rel}","templated":true}]}}