{"id":3387,"date":"2023-10-31T09:10:15","date_gmt":"2023-10-31T08:10:15","guid":{"rendered":"http:\/\/bashkiamirdite.gov.al\/?p=3387"},"modified":"2023-10-31T10:26:11","modified_gmt":"2023-10-31T09:26:11","slug":"panairi-i-zejtareve-dhe-prodhimeve-vendase-te-zones-se-mirdites","status":"publish","type":"post","link":"https:\/\/bashkiamirdite.gov.al\/?p=3387","title":{"rendered":"Panairi i zejtar\u00ebve dhe prodhimeve vendase t\u00eb zon\u00ebs s\u00eb Mirdit\u00ebs."},"content":{"rendered":"<p id=\"\"><img loading=\"lazy\" class=\"alignnone wp-image-3383\" src=\"https:\/\/bashkiamirdite.gov.al\/wp-content\/uploads\/2023\/10\/WhatsApp-Image-2023-10-31-at-08.52.44-2.jpeg\" alt=\"\" width=\"355\" height=\"200\" \/> <img loading=\"lazy\" class=\"alignnone wp-image-3384\" src=\"https:\/\/bashkiamirdite.gov.al\/wp-content\/uploads\/2023\/10\/WhatsApp-Image-2023-10-31-at-08.52.44-1.jpeg\" alt=\"\" width=\"356\" height=\"200\" \/><img loading=\"lazy\" class=\"alignnone wp-image-3385\" src=\"https:\/\/bashkiamirdite.gov.al\/wp-content\/uploads\/2023\/10\/WhatsApp-Image-2023-10-31-at-08.52.44.jpeg\" alt=\"\" width=\"345\" height=\"200\" \/> <img loading=\"lazy\" class=\"wp-image-3386 alignleft\" src=\"https:\/\/bashkiamirdite.gov.al\/wp-content\/uploads\/2023\/10\/WhatsApp-Image-2023-10-31-at-08.52.07.jpeg\" alt=\"\" width=\"356\" height=\"200\" \/><!--more--><\/p>\n<p>N\u00eb sheshin &#8221; Abat Do\u00e7i &#8221; Rr\u00ebshen u zhvillua panairi i zejtar\u00ebve dhe prodhimeve vendase t\u00eb zon\u00ebs s\u00eb Mirdit\u00ebs.<br \/>\nN\u00eb panair u shfaq\u00ebn zejet dhe ushqimet tradicionale t\u00eb zon\u00ebs si dhe u promovua potenciali turistik i zon\u00ebs.<br \/>\nKishim k\u00ebnaq\u00ebsin\u00eb t\u00eb mir\u00ebprisnim n\u00eb k\u00ebt\u00eb panair:<br \/>\n-Znj. Sabine Kania, Menaxhere e UNOPS p\u00ebr Shqip\u00ebrin\u00eb dhe Kosov\u00ebn.<br \/>\n&#8211; Z. Estevan Ikonomi, Menaxher Grantesh pran\u00eb UNOPS Albania.<br \/>\n-Z. Sokol Mu\u00e7a, Drejtor n\u00eb Institutin Komb\u00ebtar t\u00eb Regjistrimit t\u00eb Trash\u00ebg\u00ebmis\u00eb Kulturore n\u00eb Ministrin\u00eb e Kultur\u00ebs.<br \/>\n-Znj. Valbona Mazreku, Drejtuesen e Milieukontakt Albania.<br \/>\nZ. Andi Tepelena, Drejtues i Art Kontakt.<br \/>\n-P\u00ebrfaq\u00ebsuesit e organizat\u00ebs Tek Bunkeri.<\/p>\n<p>Kryetari i Bashkis\u00eb Mirdit\u00eb Z. Albert Melyshi p\u00ebrsh\u00ebndeti t\u00eb pranishmit si dhe i falenderoi organizatat fituese p\u00ebr implementinin e projekteve t\u00eb tyre n\u00eb Mirdit\u00eb, duke kontribuar k\u00ebshtu n\u00eb promovimin e kultur\u00ebs dhe tradit\u00ebs son\u00eb si dhe n\u00eb zhvillimin turistik t\u00eb Mirdit\u00ebs. Ai u shpreh se Bashkia Mirdit\u00eb do t\u00eb jet\u00eb e hapur ndaj \u00e7do bashk\u00ebpunimi q\u00eb ka si q\u00ebllim asistenc\u00ebn ndaj qytetar\u00ebve dhe zhvillimin e Mirdit\u00ebs.<\/p>\n<p>Panairi u organizua n\u00eb kuad\u00ebr t\u00eb programit EU4Culture, i cili financohet nga Bashkimi Europian dhe zbatohet nga UNOPS n\u00eb bashk\u00ebpunim t\u00eb ngusht\u00eb me Ministrin\u00eb e Kultur\u00ebs.<\/p>\n<p>&nbsp;<\/p>\n","protected":false},"excerpt":{"rendered":"N\u00eb sheshin \" Abat Do\u00e7i \" Rr\u00ebshen u zhvillua panairi i zejtar\u00ebve dhe prodhimeve vendase t\u00eb zon\u00ebs s\u00eb Mirdit\u00ebs. N\u00eb panair u shfaq\u00ebn zejet dhe ushqimet tradicionale t\u00eb zon\u00ebs si dhe u promovua potenciali turistik i zon\u00ebs. Kishim k\u00ebnaq\u00ebsin\u00eb t\u00eb mir\u00ebprisnim n\u00eb k\u00ebt\u00eb panair: -Znj. Sabine Kania, Menaxhere e UNOPS p\u00ebr Shqip\u00ebrin\u00eb dhe Kosov\u00ebn. - [...]","protected":false},"author":2,"featured_media":3386,"comment_status":"open","ping_status":"open","sticky":false,"template":"","format":"standard","meta":[],"categories":[1],"tags":[],"_links":{"self":[{"href":"https:\/\/bashkiamirdite.gov.al\/index.php?rest_route=\/wp\/v2\/posts\/3387"}],"collection":[{"href":"https:\/\/bashkiamirdite.gov.al\/index.php?rest_route=\/wp\/v2\/posts"}],"about":[{"href":"https:\/\/bashkiamirdite.gov.al\/index.php?rest_route=\/wp\/v2\/types\/post"}],"author":[{"embeddable":true,"href":"https:\/\/bashkiamirdite.gov.al\/index.php?rest_route=\/wp\/v2\/users\/2"}],"replies":[{"embeddable":true,"href":"https:\/\/bashkiamirdite.gov.al\/index.php?rest_route=%2Fwp%2Fv2%2Fcomments&post=3387"}],"version-history":[{"count":11,"href":"https:\/\/bashkiamirdite.gov.al\/index.php?rest_route=\/wp\/v2\/posts\/3387\/revisions"}],"predecessor-version":[{"id":3398,"href":"https:\/\/bashkiamirdite.gov.al\/index.php?rest_route=\/wp\/v2\/posts\/3387\/revisions\/3398"}],"wp:featuredmedia":[{"embeddable":true,"href":"https:\/\/bashkiamirdite.gov.al\/index.php?rest_route=\/wp\/v2\/media\/3386"}],"wp:attachment":[{"href":"https:\/\/bashkiamirdite.gov.al\/index.php?rest_route=%2Fwp%2Fv2%2Fmedia&parent=3387"}],"wp:term":[{"taxonomy":"category","embeddable":true,"href":"https:\/\/bashkiamirdite.gov.al\/index.php?rest_route=%2Fwp%2Fv2%2Fcategories&post=3387"},{"taxonomy":"post_tag","embeddable":true,"href":"https:\/\/bashkiamirdite.gov.al\/index.php?rest_route=%2Fwp%2Fv2%2Ftags&post=3387"}],"curies":[{"name":"wp","href":"https:\/\/api.w.org\/{rel}","templated":true}]}}