{"id":3549,"date":"2023-11-21T11:17:16","date_gmt":"2023-11-21T10:17:16","guid":{"rendered":"http:\/\/bashkiamirdite.gov.al\/?p=3549"},"modified":"2023-11-21T11:17:16","modified_gmt":"2023-11-21T10:17:16","slug":"takim-me-perfaqesuesin-e-dhomes-zejtare-te-dortmundit-ne-kuader-te-projektit-federal-per-shqiperine-mbi-partneritetin-e-arsimit-profesional","status":"publish","type":"post","link":"https:\/\/bashkiamirdite.gov.al\/?p=3549","title":{"rendered":"Takim me p\u00ebrfaq\u00ebsuesin e Dhom\u00ebs Zejtare t\u00eb Dortmundit, n\u00eb kuad\u00ebr t\u00eb Projektit Federal p\u00ebr Shqip\u00ebrin\u00eb mbi Partneritetin e Arsimit Profesional."},"content":{"rendered":"<p><img loading=\"lazy\" class=\"alignnone size-full wp-image-3550\" src=\"https:\/\/bashkiamirdite.gov.al\/wp-content\/uploads\/2023\/11\/WhatsApp-Image-2023-11-21-at-10.27.58.jpeg\" alt=\"\" width=\"1080\" height=\"810\" \/><\/p>\n<p>Me dat\u00eb 10 n\u00ebntor Kryetari i Bashkis\u00eb Mirdit\u00eb z. Albert Melyshi \u00ebsht\u00eb takuar n\u00eb ambientet e Shkoll\u00ebs Profesionale &#8220;Sh\u00ebn Jozefi Pun\u00ebtor&#8221; me Koordinatorin e projektit PAP \u2013 Shqip\u00ebri, z. Franc Musolli, n\u00eb pranin\u00eb e Padre Michele Leovino &#8211; Drejtori i Shkoll\u00ebs \u201cSh\u00ebn Jozefi Pun\u00ebtor\u201d, z. Luigj Gjergji &#8211; Drejtori Didaktik i Shkoll\u00ebs dhe nj\u00ebkoh\u00ebsisht bashk\u00ebpun\u00ebtor i projektit PAP-Shqip\u00ebri si dhe Padre Umberto Boero &#8211; Zv. Drejtor dhe P\u00ebrgjegj\u00ebs i Nj\u00ebsis\u00eb s\u00eb Zhvillimit t\u00eb Shkoll\u00ebs \u201cSh\u00ebn Jozefi Pun\u00ebtor\u201d.<\/p>\n<p>Fokusi i takimit ka q\u00ebn\u00eb zhvillimi i mund\u00ebsive t\u00eb bashk\u00ebpunimit n\u00eb mes Bashkis\u00eb Mirdit\u00eb dhe Shkoll\u00ebs Profesionale n\u00eb kuad\u00ebr t\u00eb k\u00ebtij projekti dhe impaktin e mundsh\u00ebm q\u00eb mund t\u00eb ket\u00eb ky bashk\u00ebpunim n\u00eb zhvillimin ekonomik t\u00eb Mirdit\u00ebs.<\/p>\n<p>N\u00eb fjal\u00ebn e tij z. Melyshi ka falenderuar z. Musolli p\u00ebr k\u00ebt\u00eb projekt kaq t\u00eb r\u00ebnd\u00ebsish\u00ebm p\u00ebr zhvillimin e ofert\u00ebs profesionale dhe impaktin e madh q\u00eb ka n\u00eb pun\u00ebsimin e t\u00eb rinjve dhe rrjedhimisht n\u00eb zhvillimin ekonomik t\u00eb familjeve n\u00eb Mirdit\u00eb dhe n\u00eb shum\u00eb rrethe t\u00eb Veriut t\u00eb Shqip\u00ebris\u00eb, duke siguruar nga ana e Bashkis\u00eb bashk\u00ebpunimin aktiv p\u00ebr t\u2019u ardhur n\u00eb ndihm\u00eb personave t\u00eb papun\u00eb dhe nd\u00ebrmarrjeve t\u00eb reja n\u00eb territor.<\/p>\n<p>Gjithashtu z. Melyshi ka falenderuar drejtuesit e Shkoll\u00ebs Profesionale \u201cSh\u00ebn Jozefi\u201d p\u00ebr aktivitetin e vazhduesh\u00ebm t\u00eb r\u00ebnd\u00ebsish\u00ebm n\u00eb formimin profesional dhe n\u00eb zhvillimin e partneritetit Shkoll\u00eb-Sip\u00ebrmarrje private p\u00ebr pun\u00ebsimin e t\u00eb rinjve si dhe p\u00ebr t\u00eb gjitha veprimtarit\u00eb sociale dhe kulturore q\u00eb zhvillon n\u00eb t\u00eb mir\u00eb t\u00eb komunitetit t\u00eb Mirdit\u00ebs dhe m\u00eb gj\u00ebr\u00eb.<\/p>\n<p>Pal\u00ebt n\u00eb takim kan\u00eb konkluduar p\u00ebr banor\u00ebt e Bashkis\u00eb Mirdit\u00eb si n\u00eb vijim:<\/p>\n<p>Mund\u00ebsin\u00eb e regjistrimit falas t\u00eb personave t\u00eb papun\u00eb, banor\u00eb t\u00eb Bashkis\u00eb Mirdit\u00eb, n\u00eb kurset afatshkurtra q\u00eb shkolla mund\u00ebson si qend\u00ebr kursesh profesionale.<\/p>\n<p>K\u00ebto kurse jan\u00eb n\u00eb fush\u00ebn e Elektrikes, 3 dhe 9 mujore, n\u00eb fush\u00ebn e Mekanik\u00ebs 3 mujore, Hidraulikes 3 mujore si dhe Informatikes 3 mujore.<\/p>\n<p>Po ashtu, dy her\u00eb n\u00eb vit n\u00eb Shkoll\u00eb zhvillohet kursi dyjavor i saldimit me certifikim nd\u00ebrkomb\u00ebtar n\u00eb t\u00eb cilin Bashkia Mirdit\u00eb mund t\u00eb regjistroj\u00eb personat q\u00eb kan\u00eb d\u00ebshir\u00eb t\u00eb formohen n\u00eb k\u00ebt\u00eb zanat kaq t\u00eb k\u00ebrkuar n\u00eb tregun e pun\u00ebs, nj\u00eb ofert\u00eb pun\u00ebsimi e sigurt\u00eb brenda vendit.<\/p>\n<p>Personat e interesuar mund t\u00eb paraqiten pran\u00eb Sekretaris\u00eb s\u00eb Bashkis\u00eb Mirdit\u00eb p\u00ebr detajet dhe dokumentacionin e nevojsh\u00ebm p\u00ebr t\u00eb ndjekur falas k\u00ebto kurse profesionale.<\/p>\n<p>Gjat\u00eb takimit Kryetari i Bashkis\u00eb Mirdit\u00eb ka siguruar gjat\u00eb k\u00ebtij takimi edhe mund\u00ebsin\u00eb e trajnimit profesional falas t\u00eb personelit t\u00eb sh\u00ebrbimeve publike n\u00eb sektor\u00eb t\u00eb ndrysh\u00ebm nga ana e mjeshtrave nga Gjermania n\u00eb profilet: Hidraulik\u00eb, Mekanik\u00eb, Elektrik\u00eb dhe Saldim.<\/p>\n<p>Z. Musolli i ka paraqitur Kryetarit t\u00eb Bashkis\u00eb edhe angazhimin e partner\u00ebve n\u00eb projektin PAP-Shqip\u00ebri p\u00ebr t\u00eb organizuar dhe zhvilluar, brenda periudh\u00ebs s\u00eb dyt\u00eb 3 vje\u00e7are t\u00eb projektit, kurse 2-3 ditore n\u00eb fush\u00ebn e elektroteknik\u00ebs, automekanik\u00ebs dhe hidraulik\u00ebs, p\u00ebr kompetenca profesionale t\u00eb reja t\u00eb tregut t\u00eb pun\u00ebs n\u00eb k\u00ebto sektor\u00eb, duke ju ofruar nd\u00ebrmarrjeve private zhvillimin profesional t\u00eb punonj\u00ebsve t\u00eb tyre p\u00ebr shtimin e pun\u00ebsimit dhe t\u00eb zhvillimit ekonomik t\u00eb vendit.<br \/>\nBashk\u00ebpunimi me Bashkin\u00eb Mirdit\u00eb edhe n\u00eb k\u00ebt\u00eb aspekt do t\u2019u mund\u00ebsonte nd\u00ebrmarrjeve private mund\u00ebsin\u00eb e ndjekjes s\u00eb k\u00ebtyre kurseve pa pages\u00eb.<\/p>\n<p>Drejtori i Shkoll\u00ebs ka falenderuar z. Musolli p\u00ebr iniciativ\u00ebn e takimit dhe p\u00ebr vazhdim\u00ebsin\u00eb e k\u00ebtij projekti kaq t\u00eb r\u00ebnd\u00ebsish\u00ebm p\u00ebr veprimtarin\u00eb e \u201cSh\u00ebn Jozefit\u201d n\u00eb t\u00eb mir\u00eb t\u00eb territorit.<br \/>\nN\u00eb fjal\u00ebn e tij Padre Michele Leovino ka theksuar me vler\u00ebsim vazhdim\u00ebsin\u00eb e bashk\u00ebpunimit q\u00eb institucioni \u201cSh\u00ebn Jozefi\u201d ka me t\u00eb gjitha institucionet publike lokale nd\u00ebr vite si dhe i ka siguruar Kryetarit t\u00eb Bashkis\u00eb, i cili e njeh aq mir\u00eb aktivitetin e k\u00ebsaj shkolle, vazhdim\u00ebsin\u00eb e k\u00ebsaj tradite bashk\u00ebpunimi gjithnj\u00eb e m\u00eb efikase n\u00eb t\u00eb mir\u00eb t\u00eb banor\u00ebve t\u00eb Mirdit\u00ebs.<\/p>\n<p>N\u00eb fund t\u00eb takimit, p\u00ebr nj\u00eb zhvillim sa m\u00eb t\u00eb frytsh\u00ebm t\u00eb k\u00ebtij bashk\u00ebpunimi, z. Musolli ka ftuar z. Melyshi p\u00ebr nj\u00eb vizit\u00eb t\u00eb nj\u00eb delegacioni t\u00eb Bashkis\u00eb Mirdit\u00eb tek Dhoma Zejtare n\u00eb qytetin e Dortmundit, p\u00ebr t\u00eb shqyrtuar dhe promovuar mund\u00ebsi t\u00eb reja t\u00eb bashk\u00ebveprimit me institucione gjermane p\u00ebr zhvillim ekonomik, me projekte dhe iniciativa t\u00eb tjera t\u00eb r\u00ebnd\u00ebsishme.<\/p>\n","protected":false},"excerpt":{"rendered":"<p>Me dat\u00eb 10 n\u00ebntor Kryetari i Bashkis\u00eb Mirdit\u00eb z. Albert Melyshi \u00ebsht\u00eb takuar n\u00eb ambientet e Shkoll\u00ebs Profesionale &#8220;Sh\u00ebn Jozefi Pun\u00ebtor&#8221; me Koordinatorin e projektit PAP \u2013 Shqip\u00ebri, z. Franc Musolli, n\u00eb pranin\u00eb e Padre Michele Leovino &#8211; Drejtori i Shkoll\u00ebs \u201cSh\u00ebn Jozefi Pun\u00ebtor\u201d, z. Luigj Gjergji &#8211; Drejtori Didaktik i Shkoll\u00ebs dhe nj\u00ebkoh\u00ebsisht bashk\u00ebpun\u00ebtor [&hellip;]<\/p>\n","protected":false},"author":2,"featured_media":3550,"comment_status":"open","ping_status":"open","sticky":false,"template":"","format":"standard","meta":[],"categories":[1],"tags":[],"_links":{"self":[{"href":"https:\/\/bashkiamirdite.gov.al\/index.php?rest_route=\/wp\/v2\/posts\/3549"}],"collection":[{"href":"https:\/\/bashkiamirdite.gov.al\/index.php?rest_route=\/wp\/v2\/posts"}],"about":[{"href":"https:\/\/bashkiamirdite.gov.al\/index.php?rest_route=\/wp\/v2\/types\/post"}],"author":[{"embeddable":true,"href":"https:\/\/bashkiamirdite.gov.al\/index.php?rest_route=\/wp\/v2\/users\/2"}],"replies":[{"embeddable":true,"href":"https:\/\/bashkiamirdite.gov.al\/index.php?rest_route=%2Fwp%2Fv2%2Fcomments&post=3549"}],"version-history":[{"count":2,"href":"https:\/\/bashkiamirdite.gov.al\/index.php?rest_route=\/wp\/v2\/posts\/3549\/revisions"}],"predecessor-version":[{"id":3552,"href":"https:\/\/bashkiamirdite.gov.al\/index.php?rest_route=\/wp\/v2\/posts\/3549\/revisions\/3552"}],"wp:featuredmedia":[{"embeddable":true,"href":"https:\/\/bashkiamirdite.gov.al\/index.php?rest_route=\/wp\/v2\/media\/3550"}],"wp:attachment":[{"href":"https:\/\/bashkiamirdite.gov.al\/index.php?rest_route=%2Fwp%2Fv2%2Fmedia&parent=3549"}],"wp:term":[{"taxonomy":"category","embeddable":true,"href":"https:\/\/bashkiamirdite.gov.al\/index.php?rest_route=%2Fwp%2Fv2%2Fcategories&post=3549"},{"taxonomy":"post_tag","embeddable":true,"href":"https:\/\/bashkiamirdite.gov.al\/index.php?rest_route=%2Fwp%2Fv2%2Ftags&post=3549"}],"curies":[{"name":"wp","href":"https:\/\/api.w.org\/{rel}","templated":true}]}}