{"id":3579,"date":"2023-11-23T10:55:18","date_gmt":"2023-11-23T09:55:18","guid":{"rendered":"http:\/\/bashkiamirdite.gov.al\/?p=3579"},"modified":"2023-11-23T10:58:49","modified_gmt":"2023-11-23T09:58:49","slug":"ambasadori-i-austrise-vizite-zyrtare-ne-mirdite","status":"publish","type":"post","link":"https:\/\/bashkiamirdite.gov.al\/?p=3579","title":{"rendered":"Ambasadori i Austris\u00eb vizit\u00eb zyrtare n\u00eb Mirdit\u00eb."},"content":{"rendered":"<p><img loading=\"lazy\" class=\"alignnone wp-image-3596\" src=\"https:\/\/bashkiamirdite.gov.al\/wp-content\/uploads\/2023\/11\/DSC01328.jpg\" alt=\"\" width=\"453\" height=\"255\" \/> <img loading=\"lazy\" class=\"alignnone wp-image-3595\" src=\"https:\/\/bashkiamirdite.gov.al\/wp-content\/uploads\/2023\/11\/DSC01348.jpg\" alt=\"\" width=\"451\" height=\"254\" \/><\/p>\n<p><img loading=\"lazy\" class=\"alignnone wp-image-3594\" src=\"https:\/\/bashkiamirdite.gov.al\/wp-content\/uploads\/2023\/11\/DSC01339.jpg\" alt=\"\" width=\"453\" height=\"255\" \/> <img loading=\"lazy\" class=\"alignnone wp-image-3593\" src=\"https:\/\/bashkiamirdite.gov.al\/wp-content\/uploads\/2023\/11\/DSC01332.jpg\" alt=\"\" width=\"455\" height=\"256\" \/><\/p>\n<p><img loading=\"lazy\" class=\"alignnone wp-image-3580\" src=\"https:\/\/bashkiamirdite.gov.al\/wp-content\/uploads\/2023\/11\/WhatsApp-Image-2023-11-23-at-08.23.10-3.jpeg\" alt=\"\" width=\"446\" height=\"334\" \/> <img loading=\"lazy\" class=\"alignnone wp-image-3581\" src=\"https:\/\/bashkiamirdite.gov.al\/wp-content\/uploads\/2023\/11\/WhatsApp-Image-2023-11-23-at-08.23.10-2.jpeg\" alt=\"\" width=\"449\" height=\"337\" \/><\/p>\n<p>Bashkia Mirdit\u00eb priti n\u00eb nj\u00eb vizit\u00eb zyrtare, Shk\u00eblq\u00ebsin\u00eb e tij Dr. Christian Steiner Ambasador i Austris\u00eb n\u00eb Shqip\u00ebri.<\/p>\n<p>Vizita e Ambasadorit t\u00eb Austris\u00eb Christian Steiner ishte n\u00eb kuad\u00ebr t\u00eb projekteve t\u00eb zbatuara dhe bashk\u00ebpunimeve p\u00ebr zhvillim.<\/p>\n<p>Kryetari i Bashkis\u00eb Mirdit\u00eb z. Albert Melyshi shprehu mir\u00ebnjohje ndaj Austris\u00eb p\u00ebr ndihm\u00ebn e treguar me projektet zhvillimore t\u00eb vazhdueshme p\u00ebr Mirdit\u00ebn.<\/p>\n<p>Gjithashtu u ndal\u00ebm te sfidat me t\u00eb cilat p\u00ebrballen sot banor\u00ebt e Mirdit\u00ebs, si dhe potencialin e jasht\u00ebzakonsh\u00ebm q\u00eb Mirdita ka.<\/p>\n<p>Investimi n\u00eb p\u00ebrmir\u00ebsimin e infrastruktur\u00ebs ruarale dhe kanaleve vadit\u00ebse do t\u00eb ndihmonte n\u00eb zhvillimin e turizmit dhe bujq\u00ebsis\u00eb.<\/p>\n<p>Vizita vijoi n\u00eb zon\u00ebn e re zhvillimore n\u00eb Rr\u00ebshen, ku Agjencia Austriake p\u00ebr Zhvillim ka nd\u00ebrtuar 35 banesa p\u00ebr familjet, sht\u00ebpit\u00eb e t\u00eb cil\u00ebve u shkat\u00ebrruan nga t\u00ebrmeti i vitit 2019 -t\u00eb.<\/p>\n","protected":false},"excerpt":{"rendered":"<p>Bashkia Mirdit\u00eb priti n\u00eb nj\u00eb vizit\u00eb zyrtare, Shk\u00eblq\u00ebsin\u00eb e tij Dr. Christian Steiner Ambasador i Austris\u00eb n\u00eb Shqip\u00ebri. Vizita e Ambasadorit t\u00eb Austris\u00eb Christian Steiner ishte n\u00eb kuad\u00ebr t\u00eb projekteve t\u00eb zbatuara dhe bashk\u00ebpunimeve p\u00ebr zhvillim. Kryetari i Bashkis\u00eb Mirdit\u00eb z. Albert Melyshi shprehu mir\u00ebnjohje ndaj Austris\u00eb p\u00ebr ndihm\u00ebn e treguar me projektet zhvillimore t\u00eb [&hellip;]<\/p>\n","protected":false},"author":2,"featured_media":3595,"comment_status":"open","ping_status":"open","sticky":false,"template":"","format":"standard","meta":[],"categories":[1],"tags":[],"_links":{"self":[{"href":"https:\/\/bashkiamirdite.gov.al\/index.php?rest_route=\/wp\/v2\/posts\/3579"}],"collection":[{"href":"https:\/\/bashkiamirdite.gov.al\/index.php?rest_route=\/wp\/v2\/posts"}],"about":[{"href":"https:\/\/bashkiamirdite.gov.al\/index.php?rest_route=\/wp\/v2\/types\/post"}],"author":[{"embeddable":true,"href":"https:\/\/bashkiamirdite.gov.al\/index.php?rest_route=\/wp\/v2\/users\/2"}],"replies":[{"embeddable":true,"href":"https:\/\/bashkiamirdite.gov.al\/index.php?rest_route=%2Fwp%2Fv2%2Fcomments&post=3579"}],"version-history":[{"count":17,"href":"https:\/\/bashkiamirdite.gov.al\/index.php?rest_route=\/wp\/v2\/posts\/3579\/revisions"}],"predecessor-version":[{"id":3606,"href":"https:\/\/bashkiamirdite.gov.al\/index.php?rest_route=\/wp\/v2\/posts\/3579\/revisions\/3606"}],"wp:featuredmedia":[{"embeddable":true,"href":"https:\/\/bashkiamirdite.gov.al\/index.php?rest_route=\/wp\/v2\/media\/3595"}],"wp:attachment":[{"href":"https:\/\/bashkiamirdite.gov.al\/index.php?rest_route=%2Fwp%2Fv2%2Fmedia&parent=3579"}],"wp:term":[{"taxonomy":"category","embeddable":true,"href":"https:\/\/bashkiamirdite.gov.al\/index.php?rest_route=%2Fwp%2Fv2%2Fcategories&post=3579"},{"taxonomy":"post_tag","embeddable":true,"href":"https:\/\/bashkiamirdite.gov.al\/index.php?rest_route=%2Fwp%2Fv2%2Ftags&post=3579"}],"curies":[{"name":"wp","href":"https:\/\/api.w.org\/{rel}","templated":true}]}}