{"id":4794,"date":"2024-04-02T08:55:10","date_gmt":"2024-04-02T06:55:10","guid":{"rendered":"http:\/\/bashkiamirdite.gov.al\/?p=4794"},"modified":"2024-04-02T08:55:10","modified_gmt":"2024-04-02T06:55:10","slug":"koncert-festiv-ne-diten-e-pashkeve-ne-mirdite","status":"publish","type":"post","link":"https:\/\/bashkiamirdite.gov.al\/?p=4794","title":{"rendered":"Koncert festiv n\u00eb dit\u00ebn e Pashk\u00ebve n\u00eb Mirdit\u00eb"},"content":{"rendered":"<p id=\"\"><img loading=\"lazy\" class=\"wp-image-4795 alignleft\" src=\"https:\/\/bashkiamirdite.gov.al\/wp-content\/uploads\/2024\/04\/WhatsApp-Image-2024-04-02-at-08.20.22-9.jpeg\" alt=\"\" width=\"669\" height=\"446\" \/><\/p>\n<p id=\"\">Mbr\u00ebmjen e dat\u00ebs 31.04.2024 u zhvillua koncerti festiv i Dit\u00ebs s\u00eb Pashk\u00ebve i organizuar nga Bashkia Mirdit\u00eb.<br \/>\nNa nderuan me pjes\u00ebmarrjen e tyre, banda muzikore:<br \/>\n-Jurgen Cara n\u00eb kitar\u00eb, Blerta Dodaj dhe Endrik Beba n\u00eb vocal, Beriland Kadeli n\u00eb bateri, si dhe Klodjan Rexhepaj n\u00eb sint.\u00a0<img loading=\"lazy\" class=\"alignnone  wp-image-4797\" src=\"https:\/\/bashkiamirdite.gov.al\/wp-content\/uploads\/2024\/04\/WhatsApp-Image-2024-04-02-at-08.20.22-8.jpeg\" alt=\"\" width=\"639\" height=\"426\" \/>Emigrant\u00eb t\u00eb kthyer p\u00ebr t\u00eb festuar me familjet e tyre, qytetar\u00eb t\u00eb shumt\u00eb dhe f\u00ebmij\u00eb u bashkuan p\u00ebr t\u00eb<br \/>\nshijuar muzik\u00ebn dhe atmosfer\u00ebn festive.<\/p>\n<p><img loading=\"lazy\" class=\"wp-image-4798 aligncenter\" src=\"https:\/\/bashkiamirdite.gov.al\/wp-content\/uploads\/2024\/04\/WhatsApp-Image-2024-04-02-at-08.20.22-1.jpeg\" alt=\"\" width=\"661\" height=\"382\" \/><\/p>\n<p id=\"\"><img loading=\"lazy\" class=\"alignnone  wp-image-4801\" src=\"https:\/\/bashkiamirdite.gov.al\/wp-content\/uploads\/2024\/04\/WhatsApp-Image-2024-04-02-at-08.20.22-7.jpeg\" alt=\"\" width=\"727\" height=\"484\" \/> <img loading=\"lazy\" class=\"alignnone  wp-image-4802\" src=\"https:\/\/bashkiamirdite.gov.al\/wp-content\/uploads\/2024\/04\/WhatsApp-Image-2024-04-02-at-08.20.22-6.jpeg\" alt=\"\" width=\"727\" height=\"485\" \/> <img loading=\"lazy\" class=\"alignnone  wp-image-4803\" src=\"https:\/\/bashkiamirdite.gov.al\/wp-content\/uploads\/2024\/04\/WhatsApp-Image-2024-04-02-at-08.20.22-5.jpeg\" alt=\"\" width=\"759\" height=\"401\" \/> <img loading=\"lazy\" class=\"alignnone  wp-image-4804\" src=\"https:\/\/bashkiamirdite.gov.al\/wp-content\/uploads\/2024\/04\/WhatsApp-Image-2024-04-02-at-08.20.22-4.jpeg\" alt=\"\" width=\"824\" height=\"550\" \/> <img loading=\"lazy\" class=\"alignnone  wp-image-4805\" src=\"https:\/\/bashkiamirdite.gov.al\/wp-content\/uploads\/2024\/04\/WhatsApp-Image-2024-04-02-at-08.20.22-3.jpeg\" alt=\"\" width=\"749\" height=\"500\" \/> <img loading=\"lazy\" class=\"alignnone  wp-image-4806\" src=\"https:\/\/bashkiamirdite.gov.al\/wp-content\/uploads\/2024\/04\/WhatsApp-Image-2024-04-02-at-08.20.22.jpeg\" alt=\"\" width=\"703\" height=\"469\" \/><\/p>\n<p>&nbsp;<\/p>\n","protected":false},"excerpt":{"rendered":"<p>Mbr\u00ebmjen e dat\u00ebs 31.04.2024 u zhvillua koncerti festiv i Dit\u00ebs s\u00eb Pashk\u00ebve i organizuar nga Bashkia Mirdit\u00eb. Na nderuan me pjes\u00ebmarrjen e tyre, banda muzikore: -Jurgen Cara n\u00eb kitar\u00eb, Blerta Dodaj dhe Endrik Beba n\u00eb vocal, Beriland Kadeli n\u00eb bateri, si dhe Klodjan Rexhepaj n\u00eb sint.\u00a0Emigrant\u00eb t\u00eb kthyer p\u00ebr t\u00eb festuar me familjet e tyre, [&hellip;]<\/p>\n","protected":false},"author":2,"featured_media":0,"comment_status":"open","ping_status":"open","sticky":false,"template":"","format":"standard","meta":[],"categories":[185],"tags":[],"_links":{"self":[{"href":"https:\/\/bashkiamirdite.gov.al\/index.php?rest_route=\/wp\/v2\/posts\/4794"}],"collection":[{"href":"https:\/\/bashkiamirdite.gov.al\/index.php?rest_route=\/wp\/v2\/posts"}],"about":[{"href":"https:\/\/bashkiamirdite.gov.al\/index.php?rest_route=\/wp\/v2\/types\/post"}],"author":[{"embeddable":true,"href":"https:\/\/bashkiamirdite.gov.al\/index.php?rest_route=\/wp\/v2\/users\/2"}],"replies":[{"embeddable":true,"href":"https:\/\/bashkiamirdite.gov.al\/index.php?rest_route=%2Fwp%2Fv2%2Fcomments&post=4794"}],"version-history":[{"count":6,"href":"https:\/\/bashkiamirdite.gov.al\/index.php?rest_route=\/wp\/v2\/posts\/4794\/revisions"}],"predecessor-version":[{"id":4809,"href":"https:\/\/bashkiamirdite.gov.al\/index.php?rest_route=\/wp\/v2\/posts\/4794\/revisions\/4809"}],"wp:attachment":[{"href":"https:\/\/bashkiamirdite.gov.al\/index.php?rest_route=%2Fwp%2Fv2%2Fmedia&parent=4794"}],"wp:term":[{"taxonomy":"category","embeddable":true,"href":"https:\/\/bashkiamirdite.gov.al\/index.php?rest_route=%2Fwp%2Fv2%2Fcategories&post=4794"},{"taxonomy":"post_tag","embeddable":true,"href":"https:\/\/bashkiamirdite.gov.al\/index.php?rest_route=%2Fwp%2Fv2%2Ftags&post=4794"}],"curies":[{"name":"wp","href":"https:\/\/api.w.org\/{rel}","templated":true}]}}