{"id":4866,"date":"2024-04-11T21:10:22","date_gmt":"2024-04-11T19:10:22","guid":{"rendered":"http:\/\/bashkiamirdite.gov.al\/?p=4866"},"modified":"2024-04-11T21:10:22","modified_gmt":"2024-04-11T19:10:22","slug":"ngjyrosim-endrra","status":"publish","type":"post","link":"https:\/\/bashkiamirdite.gov.al\/?p=4866","title":{"rendered":"\u201cNgjyrosim \u00ebndrra\u201c"},"content":{"rendered":"<p id=\"\"><img loading=\"lazy\" class=\"alignnone size-full wp-image-4867\" src=\"https:\/\/bashkiamirdite.gov.al\/wp-content\/uploads\/2024\/04\/WhatsApp-Image-2024-04-11-at-01.30.45-2.jpeg\" alt=\"\" width=\"1280\" height=\"960\" \/><\/p>\n<p>Mir\u00ebprit\u00ebm n\u00eb ambientet e Bashkis\u00eb Mirdit\u00eb nx\u00ebn\u00ebs t\u00eb Gjimnazit Rr\u00ebshen, t\u00eb cil\u00ebt po zbatojn\u00eb projektin \u201cNgjyrosim \u00ebndrra\u201c sipas metodologjis\u00eb \u201cT\u00eb nx\u00ebnit p\u00ebrmes sh\u00ebrbimit\u201d me mb\u00ebshtetjen e Fondacionit Mary Ward Loreto!<\/p>\n<p>Nx\u00ebn\u00ebsit jan\u00eb angazhuar t\u00eb krijojn\u00eb n\u00eb shkoll\u00eb nj\u00eb ambient t\u00eb k\u00ebndsh\u00ebm p\u00ebr bashk\u00ebmoshatar\u00ebt e tyre me aft\u00ebsi ndryshe!<img loading=\"lazy\" class=\"size-full wp-image-4868 alignleft\" src=\"https:\/\/bashkiamirdite.gov.al\/wp-content\/uploads\/2024\/04\/WhatsApp-Image-2024-04-11-at-01.30.45-1.jpeg\" alt=\"\" width=\"1280\" height=\"960\" \/><\/p>\n<p>Kryetari i bashkis\u00eb i pranish\u00ebm n\u00eb takim, i inkurajoi dhe ju siguroi mb\u00ebshtetjen e institucionit t\u00eb bashkis\u00eb, si dhe i ftoi t\u00eb jen\u00eb sa m\u00eb kreativ edhe p\u00ebr iniciativa dhe aktivitete t\u00eb tjera n\u00eb komunitet.<\/p>\n<p id=\"\"><img loading=\"lazy\" class=\"alignnone size-full wp-image-4869\" src=\"https:\/\/bashkiamirdite.gov.al\/wp-content\/uploads\/2024\/04\/WhatsApp-Image-2024-04-11-at-01.30.45.jpeg\" alt=\"\" width=\"1280\" height=\"960\" \/><\/p>\n","protected":false},"excerpt":{"rendered":"<p>Mir\u00ebprit\u00ebm n\u00eb ambientet e Bashkis\u00eb Mirdit\u00eb nx\u00ebn\u00ebs t\u00eb Gjimnazit Rr\u00ebshen, t\u00eb cil\u00ebt po zbatojn\u00eb projektin \u201cNgjyrosim \u00ebndrra\u201c sipas metodologjis\u00eb \u201cT\u00eb nx\u00ebnit p\u00ebrmes sh\u00ebrbimit\u201d me mb\u00ebshtetjen e Fondacionit Mary Ward Loreto! Nx\u00ebn\u00ebsit jan\u00eb angazhuar t\u00eb krijojn\u00eb n\u00eb shkoll\u00eb nj\u00eb ambient t\u00eb k\u00ebndsh\u00ebm p\u00ebr bashk\u00ebmoshatar\u00ebt e tyre me aft\u00ebsi ndryshe! Kryetari i bashkis\u00eb i pranish\u00ebm n\u00eb takim, [&hellip;]<\/p>\n","protected":false},"author":2,"featured_media":0,"comment_status":"open","ping_status":"open","sticky":false,"template":"","format":"standard","meta":[],"categories":[178],"tags":[],"_links":{"self":[{"href":"https:\/\/bashkiamirdite.gov.al\/index.php?rest_route=\/wp\/v2\/posts\/4866"}],"collection":[{"href":"https:\/\/bashkiamirdite.gov.al\/index.php?rest_route=\/wp\/v2\/posts"}],"about":[{"href":"https:\/\/bashkiamirdite.gov.al\/index.php?rest_route=\/wp\/v2\/types\/post"}],"author":[{"embeddable":true,"href":"https:\/\/bashkiamirdite.gov.al\/index.php?rest_route=\/wp\/v2\/users\/2"}],"replies":[{"embeddable":true,"href":"https:\/\/bashkiamirdite.gov.al\/index.php?rest_route=%2Fwp%2Fv2%2Fcomments&post=4866"}],"version-history":[{"count":1,"href":"https:\/\/bashkiamirdite.gov.al\/index.php?rest_route=\/wp\/v2\/posts\/4866\/revisions"}],"predecessor-version":[{"id":4870,"href":"https:\/\/bashkiamirdite.gov.al\/index.php?rest_route=\/wp\/v2\/posts\/4866\/revisions\/4870"}],"wp:attachment":[{"href":"https:\/\/bashkiamirdite.gov.al\/index.php?rest_route=%2Fwp%2Fv2%2Fmedia&parent=4866"}],"wp:term":[{"taxonomy":"category","embeddable":true,"href":"https:\/\/bashkiamirdite.gov.al\/index.php?rest_route=%2Fwp%2Fv2%2Fcategories&post=4866"},{"taxonomy":"post_tag","embeddable":true,"href":"https:\/\/bashkiamirdite.gov.al\/index.php?rest_route=%2Fwp%2Fv2%2Ftags&post=4866"}],"curies":[{"name":"wp","href":"https:\/\/api.w.org\/{rel}","templated":true}]}}