{"id":4983,"date":"2024-04-22T08:29:58","date_gmt":"2024-04-22T06:29:58","guid":{"rendered":"http:\/\/bashkiamirdite.gov.al\/?p=4983"},"modified":"2024-04-22T08:44:25","modified_gmt":"2024-04-22T06:44:25","slug":"hapja-zyrtare-e-projektit-effort","status":"publish","type":"post","link":"https:\/\/bashkiamirdite.gov.al\/?p=4983","title":{"rendered":"Hapja Zyrtare e Projektit EFFORT"},"content":{"rendered":"<p id=\"\"><img loading=\"lazy\" class=\"alignnone wp-image-4984\" src=\"https:\/\/bashkiamirdite.gov.al\/wp-content\/uploads\/2024\/04\/WhatsApp-Image-2024-04-19-at-22.33.06-5.jpeg\" alt=\"\" width=\"672\" height=\"504\" \/><\/p>\n<p>Me dat\u00eb 18 prill \u00ebsht\u00eb sh\u00ebnuar hapja zyrtare e projektit EFFORT-P\u00ebrmir\u00ebsimi i objekteve p\u00ebr nj\u00eb t\u00eb ardhme me nj\u00eb trajektore optimale t\u00eb burimeve dhe efi\u00e7enc\u00ebs s\u00eb energjis\u00eb (P\u00ebrpjekja)\u201d.<br \/>\nKy projekt zbatohet nga Bashkia Mirdit\u00eb, Komuna Junik , Co-PLAN dhe bashk\u00ebfinacohet nga Bashkimi Evropian, n\u00eb kuad\u00ebr t\u00eb programit Cross-border programme<br \/>\nAlbania \u2013 Kosovo, Pre-Accession Assistance (IPA II).<\/p>\n<p id=\"\"><img loading=\"lazy\" class=\" wp-image-4985 alignleft\" src=\"https:\/\/bashkiamirdite.gov.al\/wp-content\/uploads\/2024\/04\/WhatsApp-Image-2024-04-19-at-22.33.06.jpeg\" alt=\"\" width=\"574\" height=\"472\" \/><\/p>\n<p>Projekti EFFORT do t\u00eb mb\u00ebshtes\u00eb bashkin\u00eb Mirdit\u00eb dhe Komun\u00ebn Junik p\u00ebr t\u00eb p\u00ebrqafuar tranzicionin e gjelb\u00ebr dhe p\u00ebr t&#8217;u p\u00ebrafruar m\u00eb tej me standardet mjedisore t\u00eb BE-s\u00eb, duke p\u00ebrmir\u00ebsuar efikasitetin energjetik t\u00eb nd\u00ebrtesave publike n\u00eb t\u00eb dy bashkit\u00eb dhe duke ulur ndjesh\u00ebm konsumin e energjis\u00eb p\u00ebrmes instalimit t\u00eb pajisjeve inovative si dhe promovimin e praktikave t\u00eb q\u00ebndrueshme t\u00eb menaxhimit t\u00eb<br \/>\nnd\u00ebrtesave.<br \/>\nProjekti synon gjithashtu t\u00eb leht\u00ebsoj\u00eb shk\u00ebmbimin e njohurive dhe praktikave m\u00eb t\u00eb mira n\u00eb lidhje me efi\u00e7ienc\u00ebn e energjis\u00eb nd\u00ebrmjet dy bashkive, duke promovuar k\u00ebshtu bashk\u00ebpunimin nd\u00ebrkufitar. N\u00eb k\u00ebt\u00eb<br \/>\nkuad\u00ebr, do t\u00eb zhvillohen shk\u00ebmbime bashk\u00ebpunuese nd\u00ebrmjet shkollave profesionale, punonj\u00ebsve t\u00eb nj\u00ebsive t\u00eb qeverisjes vendore nga drejtorit\u00eb p\u00ebrkat\u00ebse dhe ekspert\u00ebve t\u00eb industris\u00eb, me q\u00ebllim nxitjen e p\u00ebrpjekjeve kolektive drejt arritjes s\u00eb nj\u00eb t\u00eb ardhmeje m\u00eb t\u00eb gjelb\u00ebr dhe m\u00eb t\u00eb q\u00ebndrueshme.<\/p>\n<p id=\"\"><img loading=\"lazy\" class=\"wp-image-4986 aligncenter\" src=\"https:\/\/bashkiamirdite.gov.al\/wp-content\/uploads\/2024\/04\/WhatsApp-Image-2024-04-19-at-22.33.06-1.jpeg\" alt=\"\" width=\"567\" height=\"425\" \/><\/p>\n<p>Kryetari i Bashkis\u00eb s\u00eb Mirdit\u00ebs, z. Albert Melyshi, mbajti fjal\u00ebn e hapjes dhe p\u00ebrsh\u00ebndetjes s\u00eb bashku men\u00ebnkryetarin e Komun\u00ebs s\u00eb Junikut z. Besart Tofaj dhe p\u00ebrfaq\u00ebsuesin e Delegacionit Evropian n\u00eb Shqip\u00ebri, Z. Jean-Noel Gangloff.Aktiviteti i hapjes u ndoq gjithashtu nga p\u00ebrfaq\u00ebsues t\u00eb lart\u00eb nga institucionetqendrore dhe vendore n\u00eb Shqip\u00ebri dhe Kosov\u00eb q\u00eb punojn\u00eb n\u00eb sektorin e energjitik\u00ebs, mjedisit , arsimit dhe menaxhimit publik.<\/p>\n<p id=\"\"><img loading=\"lazy\" class=\"alignnone wp-image-4987\" src=\"https:\/\/bashkiamirdite.gov.al\/wp-content\/uploads\/2024\/04\/WhatsApp-Image-2024-04-19-at-22.33.06-4.jpeg\" alt=\"\" width=\"643\" height=\"483\" \/> <img loading=\"lazy\" class=\"alignnone wp-image-4988\" src=\"https:\/\/bashkiamirdite.gov.al\/wp-content\/uploads\/2024\/04\/WhatsApp-Image-2024-04-19-at-22.33.06-3.jpeg\" alt=\"\" width=\"644\" height=\"483\" \/><\/p>\n<p><img loading=\"lazy\" class=\"wp-image-4989 alignnone\" src=\"https:\/\/bashkiamirdite.gov.al\/wp-content\/uploads\/2024\/04\/WhatsApp-Image-2024-04-19-at-22.33.06-2.jpeg\" alt=\"\" width=\"644\" height=\"484\" \/><\/p>\n","protected":false},"excerpt":{"rendered":"<p>Me dat\u00eb 18 prill \u00ebsht\u00eb sh\u00ebnuar hapja zyrtare e projektit EFFORT-P\u00ebrmir\u00ebsimi i objekteve p\u00ebr nj\u00eb t\u00eb ardhme me nj\u00eb trajektore optimale t\u00eb burimeve dhe efi\u00e7enc\u00ebs s\u00eb energjis\u00eb (P\u00ebrpjekja)\u201d. Ky projekt zbatohet nga Bashkia Mirdit\u00eb, Komuna Junik , Co-PLAN dhe bashk\u00ebfinacohet nga Bashkimi Evropian, n\u00eb kuad\u00ebr t\u00eb programit Cross-border programme Albania \u2013 Kosovo, Pre-Accession Assistance (IPA [&hellip;]<\/p>\n","protected":false},"author":2,"featured_media":0,"comment_status":"open","ping_status":"open","sticky":false,"template":"","format":"standard","meta":[],"categories":[1],"tags":[],"_links":{"self":[{"href":"https:\/\/bashkiamirdite.gov.al\/index.php?rest_route=\/wp\/v2\/posts\/4983"}],"collection":[{"href":"https:\/\/bashkiamirdite.gov.al\/index.php?rest_route=\/wp\/v2\/posts"}],"about":[{"href":"https:\/\/bashkiamirdite.gov.al\/index.php?rest_route=\/wp\/v2\/types\/post"}],"author":[{"embeddable":true,"href":"https:\/\/bashkiamirdite.gov.al\/index.php?rest_route=\/wp\/v2\/users\/2"}],"replies":[{"embeddable":true,"href":"https:\/\/bashkiamirdite.gov.al\/index.php?rest_route=%2Fwp%2Fv2%2Fcomments&post=4983"}],"version-history":[{"count":7,"href":"https:\/\/bashkiamirdite.gov.al\/index.php?rest_route=\/wp\/v2\/posts\/4983\/revisions"}],"predecessor-version":[{"id":4998,"href":"https:\/\/bashkiamirdite.gov.al\/index.php?rest_route=\/wp\/v2\/posts\/4983\/revisions\/4998"}],"wp:attachment":[{"href":"https:\/\/bashkiamirdite.gov.al\/index.php?rest_route=%2Fwp%2Fv2%2Fmedia&parent=4983"}],"wp:term":[{"taxonomy":"category","embeddable":true,"href":"https:\/\/bashkiamirdite.gov.al\/index.php?rest_route=%2Fwp%2Fv2%2Fcategories&post=4983"},{"taxonomy":"post_tag","embeddable":true,"href":"https:\/\/bashkiamirdite.gov.al\/index.php?rest_route=%2Fwp%2Fv2%2Ftags&post=4983"}],"curies":[{"name":"wp","href":"https:\/\/api.w.org\/{rel}","templated":true}]}}