{"id":5823,"date":"2024-11-01T13:12:12","date_gmt":"2024-11-01T12:12:12","guid":{"rendered":"http:\/\/bashkiamirdite.gov.al\/?p=5823"},"modified":"2024-11-01T13:53:16","modified_gmt":"2024-11-01T12:53:16","slug":"u-hap-sot-ekspozita-rrathet-e-ferrit-ne-mirdite","status":"publish","type":"post","link":"https:\/\/bashkiamirdite.gov.al\/?p=5823","title":{"rendered":"U hap sot ekspozita &#8220;Rrath\u00ebt e Ferrit&#8221; n\u00eb Mirdit\u00eb"},"content":{"rendered":"<p id=\"\"><img loading=\"lazy\" class=\"alignnone size-full wp-image-5824\" src=\"https:\/\/bashkiamirdite.gov.al\/wp-content\/uploads\/2024\/11\/WhatsApp-Image-2024-11-01-at-12.45.11.jpeg\" alt=\"\" width=\"4000\" height=\"3000\" \/><\/p>\n<p>Ekspozita me punimet e f\u00ebmij\u00ebve t\u00eb Qendr\u00ebs Kulturore Mirdit\u00eb, u organizua n\u00eb kuad\u00ebr t\u00eb marr\u00ebveshjes s\u00eb Bashkis\u00eb Mirdit\u00eb dhe Institutit t\u00eb Studimeve p\u00ebr Krimet dhe Pasojat e Komunizmit.<\/p>\n<p>Pikturat e f\u00ebmij\u00ebve ishin bazuar n\u00eb librin me t\u00eb nj\u00ebjtin titull si ekspozita t\u00eb nj\u00eb prej t\u00eb mbijetuarve t\u00eb ish-kampeve t\u00eb internimit dhe burgjeve komuniste, Lek\u00eb Pervizi.<\/p>\n<p>Kryetari i Bashkis\u00eb, Albert Melyshi, dhe Drejtori Ekzekutiv i ISKK-s\u00eb, \u00c7elo Hoxha, theksuan r\u00ebnd\u00ebsin\u00eb e k\u00ebtyre aktiviteteve q\u00eb edukojn\u00eb dhe informojn\u00eb t\u00eb rinjt\u00eb mbi krimet e komunizmit.<\/p>\n<p>K\u00ebto iniciativa ndihmojn\u00eb t\u00eb rinjt\u00eb t\u00eb kuptojn\u00eb historin\u00eb dhe t\u00eb vler\u00ebsojn\u00eb lirin\u00eb, duke kontribuar n\u00eb nd\u00ebrtimin e nj\u00eb shoq\u00ebrie m\u00eb t\u00eb vet\u00ebdijshme dhe m\u00eb t\u00eb p\u00ebrgjegjshme.<\/p>\n<p id=\"\"><img loading=\"lazy\" class=\"alignnone size-full wp-image-5825\" src=\"https:\/\/bashkiamirdite.gov.al\/wp-content\/uploads\/2024\/11\/WhatsApp-Image-2024-11-01-at-12.45.10-1.jpeg\" alt=\"\" width=\"2647\" height=\"3000\" \/> <img loading=\"lazy\" class=\"alignnone wp-image-5826\" src=\"https:\/\/bashkiamirdite.gov.al\/wp-content\/uploads\/2024\/11\/WhatsApp-Image-2024-11-01-at-12.45.10.jpeg\" alt=\"\" width=\"831\" height=\"623\" \/> <img loading=\"lazy\" class=\"alignnone wp-image-5827\" src=\"https:\/\/bashkiamirdite.gov.al\/wp-content\/uploads\/2024\/11\/WhatsApp-Image-2024-11-01-at-12.45.08-1.jpeg\" alt=\"\" width=\"612\" height=\"816\" \/> <img loading=\"lazy\" class=\"alignnone wp-image-5828\" src=\"https:\/\/bashkiamirdite.gov.al\/wp-content\/uploads\/2024\/11\/WhatsApp-Image-2024-11-01-at-12.45.08.jpeg\" alt=\"\" width=\"605\" height=\"807\" \/> <img loading=\"lazy\" class=\"alignnone wp-image-5829\" src=\"https:\/\/bashkiamirdite.gov.al\/wp-content\/uploads\/2024\/11\/WhatsApp-Image-2024-11-01-at-12.45.07-1.jpeg\" alt=\"\" width=\"694\" height=\"925\" \/> <img loading=\"lazy\" class=\"alignnone wp-image-5830\" src=\"https:\/\/bashkiamirdite.gov.al\/wp-content\/uploads\/2024\/11\/WhatsApp-Image-2024-11-01-at-12.45.05-1.jpeg\" alt=\"\" width=\"694\" height=\"926\" \/> <img loading=\"lazy\" class=\"alignnone wp-image-5831\" src=\"https:\/\/bashkiamirdite.gov.al\/wp-content\/uploads\/2024\/11\/WhatsApp-Image-2024-11-01-at-12.45.04.jpeg\" alt=\"\" width=\"750\" height=\"1000\" \/><\/p>\n","protected":false},"excerpt":{"rendered":"<p>Ekspozita me punimet e f\u00ebmij\u00ebve t\u00eb Qendr\u00ebs Kulturore Mirdit\u00eb, u organizua n\u00eb kuad\u00ebr t\u00eb marr\u00ebveshjes s\u00eb Bashkis\u00eb Mirdit\u00eb dhe Institutit t\u00eb Studimeve p\u00ebr Krimet dhe Pasojat e Komunizmit. Pikturat e f\u00ebmij\u00ebve ishin bazuar n\u00eb librin me t\u00eb nj\u00ebjtin titull si ekspozita t\u00eb nj\u00eb prej t\u00eb mbijetuarve t\u00eb ish-kampeve t\u00eb internimit dhe burgjeve komuniste, Lek\u00eb Pervizi. [&hellip;]<\/p>\n","protected":false},"author":2,"featured_media":0,"comment_status":"open","ping_status":"open","sticky":false,"template":"","format":"standard","meta":[],"categories":[178,1],"tags":[],"_links":{"self":[{"href":"https:\/\/bashkiamirdite.gov.al\/index.php?rest_route=\/wp\/v2\/posts\/5823"}],"collection":[{"href":"https:\/\/bashkiamirdite.gov.al\/index.php?rest_route=\/wp\/v2\/posts"}],"about":[{"href":"https:\/\/bashkiamirdite.gov.al\/index.php?rest_route=\/wp\/v2\/types\/post"}],"author":[{"embeddable":true,"href":"https:\/\/bashkiamirdite.gov.al\/index.php?rest_route=\/wp\/v2\/users\/2"}],"replies":[{"embeddable":true,"href":"https:\/\/bashkiamirdite.gov.al\/index.php?rest_route=%2Fwp%2Fv2%2Fcomments&post=5823"}],"version-history":[{"count":3,"href":"https:\/\/bashkiamirdite.gov.al\/index.php?rest_route=\/wp\/v2\/posts\/5823\/revisions"}],"predecessor-version":[{"id":5834,"href":"https:\/\/bashkiamirdite.gov.al\/index.php?rest_route=\/wp\/v2\/posts\/5823\/revisions\/5834"}],"wp:attachment":[{"href":"https:\/\/bashkiamirdite.gov.al\/index.php?rest_route=%2Fwp%2Fv2%2Fmedia&parent=5823"}],"wp:term":[{"taxonomy":"category","embeddable":true,"href":"https:\/\/bashkiamirdite.gov.al\/index.php?rest_route=%2Fwp%2Fv2%2Fcategories&post=5823"},{"taxonomy":"post_tag","embeddable":true,"href":"https:\/\/bashkiamirdite.gov.al\/index.php?rest_route=%2Fwp%2Fv2%2Ftags&post=5823"}],"curies":[{"name":"wp","href":"https:\/\/api.w.org\/{rel}","templated":true}]}}