{"id":6063,"date":"2024-12-23T14:29:18","date_gmt":"2024-12-23T13:29:18","guid":{"rendered":"http:\/\/bashkiamirdite.gov.al\/?p=6063"},"modified":"2024-12-23T14:29:18","modified_gmt":"2024-12-23T13:29:18","slug":"vizita-e-ndersjelle-e-perfaqesuesve-te-komunes-san-cosmo-albanese-dhe-presidentit-te-fondacionit-arberesh-ne-mirdite","status":"publish","type":"post","link":"https:\/\/bashkiamirdite.gov.al\/?p=6063","title":{"rendered":"Vizita e nd\u00ebrsjell\u00eb e P\u00ebrfaq\u00ebsuesve t\u00eb Komun\u00ebs San Cosmo Albanese dhe Presidentit t\u00eb Fondacionit Arb\u00ebresh n\u00eb Mirdit\u00eb."},"content":{"rendered":"<p id=\"\"><img loading=\"lazy\" class=\"alignnone size-full wp-image-6064\" src=\"https:\/\/bashkiamirdite.gov.al\/wp-content\/uploads\/2024\/12\/WhatsApp-Image-2024-12-23-at-13.17.42.jpeg\" alt=\"\" width=\"3221\" height=\"3023\" \/><\/p>\n<p>N\u00eb kuad\u00ebr t\u00eb marr\u00ebveshjes s\u00eb binjak\u00ebzimit t\u00eb n\u00ebnshkruar m\u00eb 27 shtator 2024 nd\u00ebrmjet Bashkis\u00eb Mirdit\u00eb dhe Komun\u00ebs San Cosmo Albanese, p\u00ebrfaq\u00ebsues t\u00eb Komun\u00ebs San Cosmo Albanese, s\u00eb bashku me Presidentin e Fondacionit Arb\u00ebresh, po realizojn\u00eb nj\u00eb vizit\u00eb zyrtare t\u00eb nd\u00ebrsjell\u00eb n\u00eb Mirdit\u00eb.<\/p>\n<p>Delegacioni, i udh\u00ebhequr nga Kryetari i Komun\u00ebs San Cosmo Albanese, u prit nga Kryetari i Bashkis\u00eb Mirdit\u00eb, z. Albert Melyshi, i cili shprehu mir\u00ebnjohjen dhe vler\u00ebsimin p\u00ebr k\u00ebt\u00eb vizit\u00eb t\u00eb r\u00ebnd\u00ebsishme, e cila sh\u00ebnon nj\u00eb hap t\u00eb m\u00ebtejsh\u00ebm n\u00eb forcimin e lidhjeve mes dy komuniteteve.<\/p>\n<p>Gjat\u00eb dit\u00ebs s\u00eb par\u00eb t\u00eb vizit\u00ebs, delegacioni inspektoi disa nga vendet historike dhe kulturore t\u00eb Mirdit\u00ebs, duke filluar me nj\u00eb vizit\u00eb homazh n\u00eb Kish\u00ebn e Sh\u00ebn Markut n\u00eb Fan, ku n\u00eb vitin 1911, arb\u00ebreshi Terenzio Tocci mblodhi prij\u00ebsit e disa krahinave p\u00ebr t\u00eb ngritur flamurin komb\u00ebtar dhe m\u00eb pas p\u00ebr t\u00eb krijuar \u201cQeverin\u00eb e P\u00ebrkohshme t\u00eb Kimz\u00ebs\u201d.<\/p>\n<p>Aktivitetet vazhduan me nj\u00eb vizit\u00eb n\u00eb Kish\u00ebn e G\u00ebziqit, ku jan\u00eb zbuluar stema heraldike dhe mbishkrimi epigrafik i Principat\u00ebs s\u00eb Arb\u00ebrit, p\u00ebr t\u00eb vijuar me Kantin\u00ebn Arb\u00ebri, shembull i zhvillimit ekonomik dhe turistik t\u00eb rajonit.<\/p>\n<p>Axhenda vijoi n\u00eb Dioqez\u00ebn Rr\u00ebshen ku u mir\u00ebprit\u00ebm nga Ipeshk\u00ebvi Dom Gjergj Meta, dhe m\u00eb pas u p\u00ebrmbyll me nj\u00eb atmosfer\u00eb shpirt\u00ebrore dhe festive nga Koncerti i Krishtlindjeve t\u00eb Korit &#8220;Voc Luvenum&#8221; n\u00eb Katedralen \u201cJezusi i Vetmi Shp\u00ebtimtar i Bot\u00ebs\u201d, Rr\u00ebshen.<\/p>\n<p>Dita e dyt\u00eb e vizit\u00ebs do t\u00eb vijoj\u00eb me koncertin \u201cFesto n\u2019Mirdit\u00eb\u201d n\u00eb sheshin \u201cAbat Do\u00e7i\u201d me shum\u00eb miq dhe t\u00eb ftuar ku pritet t\u00eb na bashkohet dhe Presidenti i Republik\u00ebs s\u00eb Shqip\u00ebris\u00eb.<\/p>\n<p id=\"\"><img loading=\"lazy\" class=\"alignnone size-full wp-image-6074\" src=\"https:\/\/bashkiamirdite.gov.al\/wp-content\/uploads\/2024\/12\/WhatsApp-Image-2024-12-23-at-13.17.45-1.jpeg\" alt=\"\" width=\"3066\" height=\"1726\" \/><\/p>\n<p>&nbsp;<\/p>\n<p id=\"\"><img loading=\"lazy\" class=\"alignnone size-full wp-image-6076\" src=\"https:\/\/bashkiamirdite.gov.al\/wp-content\/uploads\/2024\/12\/WhatsApp-Image-2024-12-23-at-13.17.43.jpeg\" alt=\"\" width=\"4032\" height=\"3024\" \/> <img loading=\"lazy\" class=\"alignnone size-full wp-image-6075\" src=\"https:\/\/bashkiamirdite.gov.al\/wp-content\/uploads\/2024\/12\/WhatsApp-Image-2024-12-23-at-13.17.45.jpeg\" alt=\"\" width=\"4032\" height=\"3024\" \/> <img loading=\"lazy\" class=\"alignnone size-full wp-image-6073\" src=\"https:\/\/bashkiamirdite.gov.al\/wp-content\/uploads\/2024\/12\/WhatsApp-Image-2024-12-23-at-13.17.45-2.jpeg\" alt=\"\" width=\"2235\" height=\"3024\" \/> <img loading=\"lazy\" class=\"alignnone size-full wp-image-6072\" src=\"https:\/\/bashkiamirdite.gov.al\/wp-content\/uploads\/2024\/12\/WhatsApp-Image-2024-12-23-at-13.17.45-3.jpeg\" alt=\"\" width=\"4032\" height=\"3024\" \/> <img loading=\"lazy\" class=\"alignnone size-full wp-image-6071\" src=\"https:\/\/bashkiamirdite.gov.al\/wp-content\/uploads\/2024\/12\/WhatsApp-Image-2024-12-23-at-13.17.45-4.jpeg\" alt=\"\" width=\"4032\" height=\"3024\" \/> <img loading=\"lazy\" class=\"alignnone size-full wp-image-6070\" src=\"https:\/\/bashkiamirdite.gov.al\/wp-content\/uploads\/2024\/12\/WhatsApp-Image-2024-12-23-at-13.17.45-5.jpeg\" alt=\"\" width=\"4032\" height=\"2268\" \/> <img loading=\"lazy\" class=\"alignnone size-full wp-image-6069\" src=\"https:\/\/bashkiamirdite.gov.al\/wp-content\/uploads\/2024\/12\/WhatsApp-Image-2024-12-23-at-13.17.45-6.jpeg\" alt=\"\" width=\"4032\" height=\"3024\" \/> <img loading=\"lazy\" class=\"alignnone size-full wp-image-6068\" src=\"https:\/\/bashkiamirdite.gov.al\/wp-content\/uploads\/2024\/12\/WhatsApp-Image-2024-12-23-at-13.17.45-7.jpeg\" alt=\"\" width=\"4032\" height=\"3024\" \/> <img loading=\"lazy\" class=\"alignnone size-full wp-image-6067\" src=\"https:\/\/bashkiamirdite.gov.al\/wp-content\/uploads\/2024\/12\/WhatsApp-Image-2024-12-23-at-13.17.45-8.jpeg\" alt=\"\" width=\"1600\" height=\"1200\" \/> <img loading=\"lazy\" class=\"alignnone size-full wp-image-6066\" src=\"https:\/\/bashkiamirdite.gov.al\/wp-content\/uploads\/2024\/12\/WhatsApp-Image-2024-12-23-at-13.17.45-9.jpeg\" alt=\"\" width=\"4096\" height=\"2730\" \/> <img loading=\"lazy\" class=\"alignnone size-full wp-image-6065\" src=\"https:\/\/bashkiamirdite.gov.al\/wp-content\/uploads\/2024\/12\/WhatsApp-Image-2024-12-23-at-13.17.46.jpeg\" alt=\"\" width=\"4096\" height=\"2730\" \/><\/p>\n","protected":false},"excerpt":{"rendered":"<p>N\u00eb kuad\u00ebr t\u00eb marr\u00ebveshjes s\u00eb binjak\u00ebzimit t\u00eb n\u00ebnshkruar m\u00eb 27 shtator 2024 nd\u00ebrmjet Bashkis\u00eb Mirdit\u00eb dhe Komun\u00ebs San Cosmo Albanese, p\u00ebrfaq\u00ebsues t\u00eb Komun\u00ebs San Cosmo Albanese, s\u00eb bashku me Presidentin e Fondacionit Arb\u00ebresh, po realizojn\u00eb nj\u00eb vizit\u00eb zyrtare t\u00eb nd\u00ebrsjell\u00eb n\u00eb Mirdit\u00eb. Delegacioni, i udh\u00ebhequr nga Kryetari i Komun\u00ebs San Cosmo Albanese, u prit nga [&hellip;]<\/p>\n","protected":false},"author":2,"featured_media":0,"comment_status":"open","ping_status":"open","sticky":false,"template":"","format":"standard","meta":[],"categories":[178,1],"tags":[],"_links":{"self":[{"href":"https:\/\/bashkiamirdite.gov.al\/index.php?rest_route=\/wp\/v2\/posts\/6063"}],"collection":[{"href":"https:\/\/bashkiamirdite.gov.al\/index.php?rest_route=\/wp\/v2\/posts"}],"about":[{"href":"https:\/\/bashkiamirdite.gov.al\/index.php?rest_route=\/wp\/v2\/types\/post"}],"author":[{"embeddable":true,"href":"https:\/\/bashkiamirdite.gov.al\/index.php?rest_route=\/wp\/v2\/users\/2"}],"replies":[{"embeddable":true,"href":"https:\/\/bashkiamirdite.gov.al\/index.php?rest_route=%2Fwp%2Fv2%2Fcomments&post=6063"}],"version-history":[{"count":2,"href":"https:\/\/bashkiamirdite.gov.al\/index.php?rest_route=\/wp\/v2\/posts\/6063\/revisions"}],"predecessor-version":[{"id":6078,"href":"https:\/\/bashkiamirdite.gov.al\/index.php?rest_route=\/wp\/v2\/posts\/6063\/revisions\/6078"}],"wp:attachment":[{"href":"https:\/\/bashkiamirdite.gov.al\/index.php?rest_route=%2Fwp%2Fv2%2Fmedia&parent=6063"}],"wp:term":[{"taxonomy":"category","embeddable":true,"href":"https:\/\/bashkiamirdite.gov.al\/index.php?rest_route=%2Fwp%2Fv2%2Fcategories&post=6063"},{"taxonomy":"post_tag","embeddable":true,"href":"https:\/\/bashkiamirdite.gov.al\/index.php?rest_route=%2Fwp%2Fv2%2Ftags&post=6063"}],"curies":[{"name":"wp","href":"https:\/\/api.w.org\/{rel}","templated":true}]}}