{"id":6091,"date":"2024-12-23T02:00:07","date_gmt":"2024-12-23T01:00:07","guid":{"rendered":"http:\/\/bashkiamirdite.gov.al\/?p=6091"},"modified":"2024-12-24T11:09:18","modified_gmt":"2024-12-24T10:09:18","slug":"mirdita-nfest","status":"publish","type":"post","link":"https:\/\/bashkiamirdite.gov.al\/?p=6091","title":{"rendered":"Mirdita N\u2019fest&#8230;"},"content":{"rendered":"<div style=\"width: 1920px;\" class=\"wp-video\"><!--[if lt IE 9]><script>document.createElement('video');<\/script><![endif]-->\n<video class=\"wp-video-shortcode\" id=\"video-6091-1\" width=\"1920\" height=\"1300\" preload=\"metadata\" controls=\"controls\"><source type=\"video\/mp4\" src=\"https:\/\/bashkiamirdite.gov.al\/wp-content\/uploads\/2024\/12\/Festo-NMirdite.mp4?_=1\" \/><a href=\"https:\/\/bashkiamirdite.gov.al\/wp-content\/uploads\/2024\/12\/Festo-NMirdite.mp4\">https:\/\/bashkiamirdite.gov.al\/wp-content\/uploads\/2024\/12\/Festo-NMirdite.mp4<\/a><\/video><\/div>\n<p>22 dhjetori vazhdoi me aktivitete t\u00eb jasht\u00ebzakonshme q\u00eb soll\u00ebn s\u00eb bashku komunitetin dhe vizitor\u00ebt p\u00ebr t\u00eb festuar trash\u00ebgimin\u00eb kulturore dhe traditat e rajonit ton\u00eb.<\/p>\n<p>Pjes\u00ebmarr\u00ebsit pat\u00ebn mund\u00ebsin\u00eb t\u00eb vizitojn\u00eb Panairin e Artizan\u00ebve, t\u00eb shijojn\u00eb nj\u00eb koncert t\u00eb mrekulluesh\u00ebm n\u00eb Sheshin &#8220;Abat Do\u00e7i&#8221;, dhe t\u00eb eksplorojn\u00eb Infokull\u00ebn, ku u zhvillua edhe nj\u00eb rrjet\u00ebzim nd\u00ebrmjet grupeve t\u00eb interesit.<\/p>\n<p>Ky aktivitet esht\u00eb pjes\u00eb e projektit &#8220;Mirdita Junik&#8221;,<br \/>\ni cili realizohet ne partneritet me CHwB Kosov\u00eb, Komun\u00ebn Junik, Bashkine Mirdite dhe Qendr\u00ebn UET.<\/p>\n","protected":false},"excerpt":{"rendered":"<p>22 dhjetori vazhdoi me aktivitete t\u00eb jasht\u00ebzakonshme q\u00eb soll\u00ebn s\u00eb bashku komunitetin dhe vizitor\u00ebt p\u00ebr t\u00eb festuar trash\u00ebgimin\u00eb kulturore dhe traditat e rajonit ton\u00eb. Pjes\u00ebmarr\u00ebsit pat\u00ebn mund\u00ebsin\u00eb t\u00eb vizitojn\u00eb Panairin e Artizan\u00ebve, t\u00eb shijojn\u00eb nj\u00eb koncert t\u00eb mrekulluesh\u00ebm n\u00eb Sheshin &#8220;Abat Do\u00e7i&#8221;, dhe t\u00eb eksplorojn\u00eb Infokull\u00ebn, ku u zhvillua edhe nj\u00eb rrjet\u00ebzim nd\u00ebrmjet grupeve t\u00eb [&hellip;]<\/p>\n","protected":false},"author":2,"featured_media":0,"comment_status":"open","ping_status":"open","sticky":false,"template":"","format":"standard","meta":[],"categories":[185,178],"tags":[],"_links":{"self":[{"href":"https:\/\/bashkiamirdite.gov.al\/index.php?rest_route=\/wp\/v2\/posts\/6091"}],"collection":[{"href":"https:\/\/bashkiamirdite.gov.al\/index.php?rest_route=\/wp\/v2\/posts"}],"about":[{"href":"https:\/\/bashkiamirdite.gov.al\/index.php?rest_route=\/wp\/v2\/types\/post"}],"author":[{"embeddable":true,"href":"https:\/\/bashkiamirdite.gov.al\/index.php?rest_route=\/wp\/v2\/users\/2"}],"replies":[{"embeddable":true,"href":"https:\/\/bashkiamirdite.gov.al\/index.php?rest_route=%2Fwp%2Fv2%2Fcomments&post=6091"}],"version-history":[{"count":1,"href":"https:\/\/bashkiamirdite.gov.al\/index.php?rest_route=\/wp\/v2\/posts\/6091\/revisions"}],"predecessor-version":[{"id":6093,"href":"https:\/\/bashkiamirdite.gov.al\/index.php?rest_route=\/wp\/v2\/posts\/6091\/revisions\/6093"}],"wp:attachment":[{"href":"https:\/\/bashkiamirdite.gov.al\/index.php?rest_route=%2Fwp%2Fv2%2Fmedia&parent=6091"}],"wp:term":[{"taxonomy":"category","embeddable":true,"href":"https:\/\/bashkiamirdite.gov.al\/index.php?rest_route=%2Fwp%2Fv2%2Fcategories&post=6091"},{"taxonomy":"post_tag","embeddable":true,"href":"https:\/\/bashkiamirdite.gov.al\/index.php?rest_route=%2Fwp%2Fv2%2Ftags&post=6091"}],"curies":[{"name":"wp","href":"https:\/\/api.w.org\/{rel}","templated":true}]}}