{"id":7651,"date":"2025-11-25T08:46:00","date_gmt":"2025-11-25T07:46:00","guid":{"rendered":"https:\/\/bashkiamirdite.gov.al\/?p=7651"},"modified":"2025-11-25T08:46:00","modified_gmt":"2025-11-25T07:46:00","slug":"nje-aktivitet-i-vecante-u-zhvillua-ne-bashkine-mirdite-duke-bashkuar-artistet-e-vegjel-instrumentistet-valltaret-kengetaret-mesuesit-e-tyre-si-dhe-brezat-e-kaluar-te-qkf-se","status":"publish","type":"post","link":"https:\/\/bashkiamirdite.gov.al\/?p=7651","title":{"rendered":"Nj\u00eb aktivitet i ve\u00e7ant\u00eb u zhvillua n\u00eb Bashkin\u00eb Mirdit\u00eb, duke bashkuar artist\u00ebt e vegj\u00ebl \u2013 instrumentist\u00ebt, valltar\u00ebt, k\u00ebng\u00ebtar\u00ebt \u2013 m\u00ebsuesit e tyre, si dhe brezat e kaluar t\u00eb QKF-s\u00eb."},"content":{"rendered":"<p id=\"\"><img loading=\"lazy\" class=\"alignnone size-full wp-image-7652\" src=\"https:\/\/bashkiamirdite.gov.al\/wp-content\/uploads\/2025\/11\/WhatsApp-Image-2025-11-25-at-08.34.01-7.jpeg\" alt=\"\" width=\"3118\" height=\"2632\" \/><\/p>\n<p>F\u00ebmij\u00ebt e artist\u00ebt e vegj\u00ebl jan\u00eb ata q\u00eb gjall\u00ebrojn\u00eb \u00e7do rast feste dhe g\u00ebzimi n\u00eb Mirdit\u00eb, duke na b\u00ebr\u00eb t\u00eb gjith\u00ebve krenar p\u00ebr talentin dhe energjin\u00eb e tyre.<\/p>\n<p>N\u00eb shenj\u00eb vler\u00ebsimi p\u00ebr p\u00ebrkushtimin e tyre ndaj m\u00ebsimdh\u00ebnies dhe vazhdim\u00ebsis\u00eb s\u00eb trash\u00ebg\u00ebmis\u00eb son\u00eb artistike, kryetari i Bashkis\u00eb Mirdit\u00eb ndau certifikata mir\u00ebnjohjeje p\u00ebr:<br \/>\nZ. Kol Picaku, Z. Fran Gjergji, Z. Ilirjan Simoni dhe Z. Angjelo Gjoka, si dhe p\u00ebr t\u00eb gjith\u00eb artist\u00ebt pjes\u00ebmarr\u00ebs.<\/p>\n<p>Aktiviteti u mbyll me nj\u00eb performanc\u00eb t\u00eb f\u00ebmij\u00ebve n\u00eb \u00e7ifteli duke shfaqur pasionin p\u00ebr muzik\u00ebn ton\u00eb tradicionale.<\/p>\n<p id=\"\"><img loading=\"lazy\" class=\"alignnone size-full wp-image-7653\" src=\"https:\/\/bashkiamirdite.gov.al\/wp-content\/uploads\/2025\/11\/WhatsApp-Image-2025-11-25-at-08.34.01-5.jpeg\" alt=\"\" width=\"4030\" height=\"1961\" \/><\/p>\n<p id=\"\"><img loading=\"lazy\" class=\"alignnone size-full wp-image-7654\" src=\"https:\/\/bashkiamirdite.gov.al\/wp-content\/uploads\/2025\/11\/WhatsApp-Image-2025-11-25-at-08.34.01-6.jpeg\" alt=\"\" width=\"4030\" height=\"2000\" \/><\/p>\n<p id=\"\"><img loading=\"lazy\" class=\"alignnone size-full wp-image-7655\" src=\"https:\/\/bashkiamirdite.gov.al\/wp-content\/uploads\/2025\/11\/WhatsApp-Image-2025-11-25-at-08.34.01-4.jpeg\" alt=\"\" width=\"4030\" height=\"1863\" \/><\/p>\n<p id=\"\"><img loading=\"lazy\" class=\"alignnone size-full wp-image-7656\" src=\"https:\/\/bashkiamirdite.gov.al\/wp-content\/uploads\/2025\/11\/WhatsApp-Image-2025-11-25-at-08.34.01-8.jpeg\" alt=\"\" width=\"3349\" height=\"2705\" \/><\/p>\n","protected":false},"excerpt":{"rendered":"<p>F\u00ebmij\u00ebt e artist\u00ebt e vegj\u00ebl jan\u00eb ata q\u00eb gjall\u00ebrojn\u00eb \u00e7do rast feste dhe g\u00ebzimi n\u00eb Mirdit\u00eb, duke na b\u00ebr\u00eb t\u00eb gjith\u00ebve krenar p\u00ebr talentin dhe energjin\u00eb e tyre. N\u00eb shenj\u00eb vler\u00ebsimi p\u00ebr p\u00ebrkushtimin e tyre ndaj m\u00ebsimdh\u00ebnies dhe vazhdim\u00ebsis\u00eb s\u00eb trash\u00ebg\u00ebmis\u00eb son\u00eb artistike, kryetari i Bashkis\u00eb Mirdit\u00eb ndau certifikata mir\u00ebnjohjeje p\u00ebr: Z. Kol Picaku, Z. [&hellip;]<\/p>\n","protected":false},"author":2,"featured_media":0,"comment_status":"open","ping_status":"open","sticky":false,"template":"","format":"standard","meta":[],"categories":[178,1],"tags":[],"_links":{"self":[{"href":"https:\/\/bashkiamirdite.gov.al\/index.php?rest_route=\/wp\/v2\/posts\/7651"}],"collection":[{"href":"https:\/\/bashkiamirdite.gov.al\/index.php?rest_route=\/wp\/v2\/posts"}],"about":[{"href":"https:\/\/bashkiamirdite.gov.al\/index.php?rest_route=\/wp\/v2\/types\/post"}],"author":[{"embeddable":true,"href":"https:\/\/bashkiamirdite.gov.al\/index.php?rest_route=\/wp\/v2\/users\/2"}],"replies":[{"embeddable":true,"href":"https:\/\/bashkiamirdite.gov.al\/index.php?rest_route=%2Fwp%2Fv2%2Fcomments&post=7651"}],"version-history":[{"count":1,"href":"https:\/\/bashkiamirdite.gov.al\/index.php?rest_route=\/wp\/v2\/posts\/7651\/revisions"}],"predecessor-version":[{"id":7657,"href":"https:\/\/bashkiamirdite.gov.al\/index.php?rest_route=\/wp\/v2\/posts\/7651\/revisions\/7657"}],"wp:attachment":[{"href":"https:\/\/bashkiamirdite.gov.al\/index.php?rest_route=%2Fwp%2Fv2%2Fmedia&parent=7651"}],"wp:term":[{"taxonomy":"category","embeddable":true,"href":"https:\/\/bashkiamirdite.gov.al\/index.php?rest_route=%2Fwp%2Fv2%2Fcategories&post=7651"},{"taxonomy":"post_tag","embeddable":true,"href":"https:\/\/bashkiamirdite.gov.al\/index.php?rest_route=%2Fwp%2Fv2%2Ftags&post=7651"}],"curies":[{"name":"wp","href":"https:\/\/api.w.org\/{rel}","templated":true}]}}