{"id":7706,"date":"2025-12-09T08:30:05","date_gmt":"2025-12-09T07:30:05","guid":{"rendered":"https:\/\/bashkiamirdite.gov.al\/?p=7706"},"modified":"2025-12-10T12:16:59","modified_gmt":"2025-12-10T11:16:59","slug":"njoftim-12","status":"publish","type":"post","link":"https:\/\/bashkiamirdite.gov.al\/?p=7706","title":{"rendered":"Njoftim"},"content":{"rendered":"<p>T\u00eb m\u00ebrkur\u00ebn, m\u00eb 10 dhjetor, n\u00eb or\u00ebn 10:00, n\u00eb hollin e Bashkis\u00eb Mirdit\u00eb do t\u00eb hapet ekspozita &#8220;Abati i Mirdit\u00ebs Prend Do\u00e7i&#8221;.<\/p>\n<p>Kjo ekspozit\u00eb organizohet n\u00eb kuad\u00ebr t\u00eb nism\u00ebs s\u00eb Bashkis\u00eb Mirdit\u00eb n\u00eb bashk\u00ebpunim me Unionin Mirdita p\u00ebr vendosjen e shtatores s\u00eb Abat Prend Do\u00e7it n\u00eb sheshin \u201cAbat Do\u00e7i\u201d n\u00eb Rr\u00ebshen.<\/p>\n<p>Gjat\u00eb ekspozit\u00ebs do t\u00eb prezantohen edhe dy bocete, t\u00eb cilat paraqesin konceptet fillestare t\u00eb shtatores.<\/p>\n<p>Ftohen t\u00eb gjith\u00eb t\u00eb interesuarit t\u00eb marrin pjes\u00eb.<\/p>\n<p id=\"\"><img loading=\"lazy\" class=\"alignnone size-full wp-image-7707\" src=\"https:\/\/bashkiamirdite.gov.al\/wp-content\/uploads\/2025\/12\/WhatsApp-Image-2025-12-10-at-08.48.46.jpeg\" alt=\"\" width=\"1600\" height=\"1078\" \/><\/p>\n","protected":false},"excerpt":{"rendered":"<p>T\u00eb m\u00ebrkur\u00ebn, m\u00eb 10 dhjetor, n\u00eb or\u00ebn 10:00, n\u00eb hollin e Bashkis\u00eb Mirdit\u00eb do t\u00eb hapet ekspozita &#8220;Abati i Mirdit\u00ebs Prend Do\u00e7i&#8221;. Kjo ekspozit\u00eb organizohet n\u00eb kuad\u00ebr t\u00eb nism\u00ebs s\u00eb Bashkis\u00eb Mirdit\u00eb n\u00eb bashk\u00ebpunim me Unionin Mirdita p\u00ebr vendosjen e shtatores s\u00eb Abat Prend Do\u00e7it n\u00eb sheshin \u201cAbat Do\u00e7i\u201d n\u00eb Rr\u00ebshen. Gjat\u00eb ekspozit\u00ebs do t\u00eb [&hellip;]<\/p>\n","protected":false},"author":2,"featured_media":0,"comment_status":"open","ping_status":"open","sticky":false,"template":"","format":"standard","meta":[],"categories":[3],"tags":[],"_links":{"self":[{"href":"https:\/\/bashkiamirdite.gov.al\/index.php?rest_route=\/wp\/v2\/posts\/7706"}],"collection":[{"href":"https:\/\/bashkiamirdite.gov.al\/index.php?rest_route=\/wp\/v2\/posts"}],"about":[{"href":"https:\/\/bashkiamirdite.gov.al\/index.php?rest_route=\/wp\/v2\/types\/post"}],"author":[{"embeddable":true,"href":"https:\/\/bashkiamirdite.gov.al\/index.php?rest_route=\/wp\/v2\/users\/2"}],"replies":[{"embeddable":true,"href":"https:\/\/bashkiamirdite.gov.al\/index.php?rest_route=%2Fwp%2Fv2%2Fcomments&post=7706"}],"version-history":[{"count":1,"href":"https:\/\/bashkiamirdite.gov.al\/index.php?rest_route=\/wp\/v2\/posts\/7706\/revisions"}],"predecessor-version":[{"id":7708,"href":"https:\/\/bashkiamirdite.gov.al\/index.php?rest_route=\/wp\/v2\/posts\/7706\/revisions\/7708"}],"wp:attachment":[{"href":"https:\/\/bashkiamirdite.gov.al\/index.php?rest_route=%2Fwp%2Fv2%2Fmedia&parent=7706"}],"wp:term":[{"taxonomy":"category","embeddable":true,"href":"https:\/\/bashkiamirdite.gov.al\/index.php?rest_route=%2Fwp%2Fv2%2Fcategories&post=7706"},{"taxonomy":"post_tag","embeddable":true,"href":"https:\/\/bashkiamirdite.gov.al\/index.php?rest_route=%2Fwp%2Fv2%2Ftags&post=7706"}],"curies":[{"name":"wp","href":"https:\/\/api.w.org\/{rel}","templated":true}]}}