{"id":7709,"date":"2025-12-10T12:20:48","date_gmt":"2025-12-10T11:20:48","guid":{"rendered":"https:\/\/bashkiamirdite.gov.al\/?p=7709"},"modified":"2025-12-10T12:20:48","modified_gmt":"2025-12-10T11:20:48","slug":"programi-i-puneve-publike-ne-komunitet","status":"publish","type":"post","link":"https:\/\/bashkiamirdite.gov.al\/?p=7709","title":{"rendered":"Programi i Pun\u00ebve Publike n\u00eb Komunitet"},"content":{"rendered":"<p id=\"\"><img loading=\"lazy\" class=\"alignnone size-full wp-image-7711\" src=\"https:\/\/bashkiamirdite.gov.al\/wp-content\/uploads\/2025\/12\/31fa6838-2197-43de-ae6d-b142da9b0f40.jpg\" alt=\"\" width=\"1600\" height=\"1200\" \/><\/p>\n<p>Programi i pun\u00ebve publike n\u00eb komunitet po zbatohet p\u00ebr t\u00eb dytin vit radhazi nga Bashkia Mirdit\u00eb, n\u00eb bashk\u00ebpunim me Agjencin\u00eb Komb\u00ebtare t\u00eb Pun\u00ebsimit dhe Aft\u00ebsive, dega Mirdit\u00eb.<\/p>\n<p>Ky program \u00ebsht\u00eb shnd\u00ebrruar tashm\u00eb n\u00eb nj\u00eb mund\u00ebsi konkrete pun\u00ebsimi dhe integrimi p\u00ebr pun\u00ebk\u00ebrkuesit afatgjat\u00eb.<\/p>\n<p>Gjat\u00eb takimit t\u00eb zhvilluar me Kryetarin e Bashkis\u00eb Mirdit\u00eb, z. Albert Melyshi, Drejtorin Rajonal t\u00eb Agjencis\u00eb Komb\u00ebtare t\u00eb Pun\u00ebsimit dhe Aft\u00ebsive Lezh\u00eb, z. Agostin Marku, si dhe P\u00ebrgjegj\u00ebsin e Zyr\u00ebs Vendore t\u00eb Pun\u00ebsimit Mirdit\u00eb, z. Dritan Pepkolaj, u prezantuan 12 pjes\u00ebmarr\u00ebsit e rinj t\u00eb programit.<\/p>\n<p>Ata do t\u00eb angazhohen me koh\u00eb t\u00eb pjesshme n\u00eb sh\u00ebrbimet publike t\u00eb bashkis\u00eb dhe nj\u00ebkoh\u00ebsisht do t\u00eb p\u00ebrfitojn\u00eb trajnime q\u00eb synojn\u00eb rritjen e kompetencave t\u00eb tyre individuale dhe profesionale.<\/p>\n<p id=\"\"><img loading=\"lazy\" class=\"alignnone size-full wp-image-7710\" src=\"https:\/\/bashkiamirdite.gov.al\/wp-content\/uploads\/2025\/12\/0fad8077-22c3-4090-b57b-c045e69dfa52.jpg\" alt=\"\" width=\"1600\" height=\"908\" \/><\/p>\n<p id=\"\"><img loading=\"lazy\" class=\"alignnone size-full wp-image-7712\" src=\"https:\/\/bashkiamirdite.gov.al\/wp-content\/uploads\/2025\/12\/6cb25382-0135-4b41-b2eb-c30aa8354c89.jpg\" alt=\"\" width=\"1600\" height=\"922\" \/><\/p>\n","protected":false},"excerpt":{"rendered":"<p>Programi i pun\u00ebve publike n\u00eb komunitet po zbatohet p\u00ebr t\u00eb dytin vit radhazi nga Bashkia Mirdit\u00eb, n\u00eb bashk\u00ebpunim me Agjencin\u00eb Komb\u00ebtare t\u00eb Pun\u00ebsimit dhe Aft\u00ebsive, dega Mirdit\u00eb. Ky program \u00ebsht\u00eb shnd\u00ebrruar tashm\u00eb n\u00eb nj\u00eb mund\u00ebsi konkrete pun\u00ebsimi dhe integrimi p\u00ebr pun\u00ebk\u00ebrkuesit afatgjat\u00eb. Gjat\u00eb takimit t\u00eb zhvilluar me Kryetarin e Bashkis\u00eb Mirdit\u00eb, z. Albert Melyshi, Drejtorin [&hellip;]<\/p>\n","protected":false},"author":2,"featured_media":0,"comment_status":"open","ping_status":"open","sticky":false,"template":"","format":"standard","meta":[],"categories":[1],"tags":[],"_links":{"self":[{"href":"https:\/\/bashkiamirdite.gov.al\/index.php?rest_route=\/wp\/v2\/posts\/7709"}],"collection":[{"href":"https:\/\/bashkiamirdite.gov.al\/index.php?rest_route=\/wp\/v2\/posts"}],"about":[{"href":"https:\/\/bashkiamirdite.gov.al\/index.php?rest_route=\/wp\/v2\/types\/post"}],"author":[{"embeddable":true,"href":"https:\/\/bashkiamirdite.gov.al\/index.php?rest_route=\/wp\/v2\/users\/2"}],"replies":[{"embeddable":true,"href":"https:\/\/bashkiamirdite.gov.al\/index.php?rest_route=%2Fwp%2Fv2%2Fcomments&post=7709"}],"version-history":[{"count":1,"href":"https:\/\/bashkiamirdite.gov.al\/index.php?rest_route=\/wp\/v2\/posts\/7709\/revisions"}],"predecessor-version":[{"id":7713,"href":"https:\/\/bashkiamirdite.gov.al\/index.php?rest_route=\/wp\/v2\/posts\/7709\/revisions\/7713"}],"wp:attachment":[{"href":"https:\/\/bashkiamirdite.gov.al\/index.php?rest_route=%2Fwp%2Fv2%2Fmedia&parent=7709"}],"wp:term":[{"taxonomy":"category","embeddable":true,"href":"https:\/\/bashkiamirdite.gov.al\/index.php?rest_route=%2Fwp%2Fv2%2Fcategories&post=7709"},{"taxonomy":"post_tag","embeddable":true,"href":"https:\/\/bashkiamirdite.gov.al\/index.php?rest_route=%2Fwp%2Fv2%2Ftags&post=7709"}],"curies":[{"name":"wp","href":"https:\/\/api.w.org\/{rel}","templated":true}]}}