{"id":8006,"date":"2026-03-06T13:28:42","date_gmt":"2026-03-06T12:28:42","guid":{"rendered":"https:\/\/bashkiamirdite.gov.al\/?p=8006"},"modified":"2026-03-06T13:30:02","modified_gmt":"2026-03-06T12:30:02","slug":"mirdite-nyse-mundesi-te-reja-bashkepunimi","status":"publish","type":"post","link":"https:\/\/bashkiamirdite.gov.al\/?p=8006","title":{"rendered":"Mirdit\u00eb \u2013 Nys\u00eb, mund\u00ebsi t\u00eb reja bashk\u00ebpunimi."},"content":{"rendered":"<p><img loading=\"lazy\" class=\"alignnone size-full wp-image-8010\" src=\"https:\/\/bashkiamirdite.gov.al\/wp-content\/uploads\/2026\/03\/WhatsApp-Image-2026-03-06-at-08.38.56-3.jpeg\" alt=\"\" width=\"4032\" height=\"3024\" \/><\/p>\n<p>Mir\u00ebprit\u00ebm n\u00eb Bashkin\u00eb Mirdit\u00eb nj\u00eb delegacion zyrtar nga Rajoni i Nys\u00ebs, Poloni, t\u00eb shoq\u00ebruar nga p\u00ebrfaq\u00ebsues t\u00eb K\u00ebshillit t\u00eb Qarkut Lezh\u00eb, n\u00eb kuad\u00ebr t\u00eb partneritetit mes dy rajoneve.<\/p>\n<p>Gjat\u00eb takimit me Kryetarin e Bashkis\u00eb Mirdit\u00eb, z. Albert Melyshi, u diskutua mbi perspektivat e binjak\u00ebzimit institucional, si nj\u00eb mund\u00ebsi p\u00ebr zgjerimin e bashk\u00ebpunimit n\u00eb fusha me interes t\u00eb p\u00ebrbashk\u00ebt.<\/p>\n<p>Ky bashk\u00ebpunim synon t\u00eb forcoj\u00eb lidhjet nd\u00ebrinstitucionale dhe t\u00eb krijoj\u00eb mund\u00ebsi t\u00eb reja zhvillimi p\u00ebr komunitetin, duke hapur rrug\u00ebn p\u00ebr projekte t\u00eb p\u00ebrbashk\u00ebta n\u00eb t\u00eb ardhmen.<\/p>\n<p><img loading=\"lazy\" class=\"alignnone size-full wp-image-8007\" src=\"https:\/\/bashkiamirdite.gov.al\/wp-content\/uploads\/2026\/03\/WhatsApp-Image-2026-03-06-at-08.38.56.jpeg\" alt=\"\" width=\"4032\" height=\"2555\" \/><\/p>\n<p><img loading=\"lazy\" class=\"alignnone wp-image-8008\" src=\"https:\/\/bashkiamirdite.gov.al\/wp-content\/uploads\/2026\/03\/WhatsApp-Image-2026-03-06-at-08.38.56-2.jpeg\" alt=\"\" width=\"1383\" height=\"1037\" \/> <img loading=\"lazy\" class=\"alignnone size-full wp-image-8009\" src=\"https:\/\/bashkiamirdite.gov.al\/wp-content\/uploads\/2026\/03\/WhatsApp-Image-2026-03-06-at-08.38.56-1.jpeg\" alt=\"\" width=\"4032\" height=\"3024\" \/><\/p>\n","protected":false},"excerpt":{"rendered":"<p>Mir\u00ebprit\u00ebm n\u00eb Bashkin\u00eb Mirdit\u00eb nj\u00eb delegacion zyrtar nga Rajoni i Nys\u00ebs, Poloni, t\u00eb shoq\u00ebruar nga p\u00ebrfaq\u00ebsues t\u00eb K\u00ebshillit t\u00eb Qarkut Lezh\u00eb, n\u00eb kuad\u00ebr t\u00eb partneritetit mes dy rajoneve. Gjat\u00eb takimit me Kryetarin e Bashkis\u00eb Mirdit\u00eb, z. Albert Melyshi, u diskutua mbi perspektivat e binjak\u00ebzimit institucional, si nj\u00eb mund\u00ebsi p\u00ebr zgjerimin e bashk\u00ebpunimit n\u00eb fusha me [&hellip;]<\/p>\n","protected":false},"author":2,"featured_media":0,"comment_status":"open","ping_status":"open","sticky":false,"template":"","format":"standard","meta":[],"categories":[1],"tags":[],"_links":{"self":[{"href":"https:\/\/bashkiamirdite.gov.al\/index.php?rest_route=\/wp\/v2\/posts\/8006"}],"collection":[{"href":"https:\/\/bashkiamirdite.gov.al\/index.php?rest_route=\/wp\/v2\/posts"}],"about":[{"href":"https:\/\/bashkiamirdite.gov.al\/index.php?rest_route=\/wp\/v2\/types\/post"}],"author":[{"embeddable":true,"href":"https:\/\/bashkiamirdite.gov.al\/index.php?rest_route=\/wp\/v2\/users\/2"}],"replies":[{"embeddable":true,"href":"https:\/\/bashkiamirdite.gov.al\/index.php?rest_route=%2Fwp%2Fv2%2Fcomments&post=8006"}],"version-history":[{"count":3,"href":"https:\/\/bashkiamirdite.gov.al\/index.php?rest_route=\/wp\/v2\/posts\/8006\/revisions"}],"predecessor-version":[{"id":8013,"href":"https:\/\/bashkiamirdite.gov.al\/index.php?rest_route=\/wp\/v2\/posts\/8006\/revisions\/8013"}],"wp:attachment":[{"href":"https:\/\/bashkiamirdite.gov.al\/index.php?rest_route=%2Fwp%2Fv2%2Fmedia&parent=8006"}],"wp:term":[{"taxonomy":"category","embeddable":true,"href":"https:\/\/bashkiamirdite.gov.al\/index.php?rest_route=%2Fwp%2Fv2%2Fcategories&post=8006"},{"taxonomy":"post_tag","embeddable":true,"href":"https:\/\/bashkiamirdite.gov.al\/index.php?rest_route=%2Fwp%2Fv2%2Ftags&post=8006"}],"curies":[{"name":"wp","href":"https:\/\/api.w.org\/{rel}","templated":true}]}}